{"id":518502,"date":"2025-11-07T15:07:11","date_gmt":"2025-11-07T15:07:11","guid":{"rendered":"https:\/\/www.europesays.com\/fr\/518502\/"},"modified":"2025-11-07T15:07:11","modified_gmt":"2025-11-07T15:07:11","slug":"lauteur-des-coups-de-feu-interpelle","status":"publish","type":"post","link":"https:\/\/www.europesays.com\/fr\/518502\/","title":{"rendered":"l&rsquo;auteur des coups de feu interpell\u00e9"},"content":{"rendered":"<p>            Par<br \/>\n        <strong><br \/>\n            <a href=\"https:\/\/actu.fr\/auteur\/ninon-oget\" title=\"Consulter tous les articles de Ninon Oget\" target=\"_blank\" rel=\"noopener\">Ninon Oget<\/a><br \/>\n        <\/strong><\/p>\n<p>        Publi\u00e9 le<\/p>\n<p>            7 nov. 2025 \u00e0 12h45<br \/>\n        ; mis \u00e0 jour le 7 nov. 2025 \u00e0 15h34    <\/p>\n<p>Un homme a fait <strong>usage d\u2019une arme \u00e0 feu<\/strong>, en<strong> tirant en l\u2019air<\/strong>, \u00e0 proximit\u00e9 de l<strong>\u2019\u00e9cole primaire Jacques Pr\u00e9vert<\/strong>, situ\u00e9e rue Jeanne d\u2019Arc \u00e0 <strong>Gorcy<\/strong> (<a href=\"https:\/\/actu.fr\/grand-est\/meurthe-et-moselle_54\" target=\"_blank\" rel=\"noopener\">Meurthe-et-Moselle<\/a>), ce vendredi 7 novembre 2025 dans la matin\u00e9e, a inform\u00e9 la pr\u00e9fecture \u00e0 12h15.<\/p>\n<p class=\" wall-content\">Le tireur s\u2019\u00e9tait <strong>retranch\u00e9 dans son appartement\u00a0<\/strong>avant d\u2019\u00eatre interpell\u00e9 par le <strong>GIGN<\/strong> (groupe d\u2019intervention de la gendarmerie nationale).<\/p>\n<p>    <a href=\"https:\/\/www.google.com\/maps\/embed?pb=!1m18!1m12!1m3!1d12034.371918871208!2d5.663027666118228!3d49.53572274057577!2m3!1f0!2f0!3f0!3m2!1i1024!2i768!4f13.1!3m3!1m2!1s0x47eac7422594f8d1%3A0x9fb39be51f4324d5!2s%C3%89cole%20primaire%20Jacques%20Pr%C3%A9vert!5e1!3m2!1sfr!2sfr!4v1762525122988!5m2!1sfr!2sfr\" title=\"Ouvrie le lien\" target=\"_blank\" rel=\"noopener\">Cliquez ici pour visualiser le contenu<\/a><\/p>\n<p>Les \u00e9l\u00e8ves et le personnel de l\u2019\u00e9cole confin\u00e9s<\/p>\n<p class=\" wall-content\">Au moment des coups de feu, \u00e0 10h40, le <strong>plan particulier de mise en s\u00fbret\u00e9<\/strong> de l\u2019\u00e9cole a \u00e9t\u00e9 d\u00e9clench\u00e9 : les \u00e9l\u00e8ves ainsi que le personnel de l\u2019\u00e9cole Jacques Pr\u00e9vert ont \u00e9t\u00e9 <strong>confin\u00e9s.\u00a0<\/strong>Pendant ce temps, l\u2019auteur des coups de feu s\u2019\u00e9tait retranch\u00e9 dans son appartement.<\/p>\n<p class=\" wall-content\"><strong>Trente gendarmes locaux<\/strong> avaient \u00e9tabli un p\u00e9rim\u00e8tre de s\u00e9curit\u00e9 et <strong>vingt personnels du SDIS 54<\/strong> (service d\u00e9partemental d\u2019incendie et de secours) s\u2019\u00e9taient positionn\u00e9s en pr\u00e9-alerte.<\/p>\n<p>Le GIGN de Reims a interpell\u00e9 l\u2019auteur des coups de feu<\/p>\n<p class=\" wall-content\">Vers 15h, la pr\u00e9fecture de Meurthe-et-Moselle a annonc\u00e9 que l\u2019auteur des coups de feu a \u00e9t\u00e9 interpell\u00e9 par \u00ab <strong>l\u2019antenne du GIGN de Reims<\/strong>, mobilis\u00e9e pour l\u2019occasion \u00bb.<\/p>\n<p class=\" wall-content\">\u00c0 la suite de l\u2019arrestation, le confinement des \u00e9l\u00e8ves et du personnel a pu \u00eatre <strong>lev\u00e9 \u00e0 14h15.<\/strong><\/p>\n<p class=\" wall-content\">Personnalisez votre actualit\u00e9 en ajoutant vos villes et m\u00e9dias en favori avec <a href=\"https:\/\/moncompte.actu.fr\" title=\"D\u00e9couvez Mon Actu\" rel=\"nofollow noopener\" data-trk=\"{&quot;cta&quot;:{&quot;action&quot;:&quot;https:\\\/\\\/moncompte.actu.fr&quot;,&quot;category&quot;:&quot;mon compte&quot;,&quot;from&quot;:&quot;article footer&quot;,&quot;name&quot;:&quot;Mon actu&quot;,&quot;type&quot;:&quot;cta&quot;}}\" target=\"_blank\">Mon Actu<\/a>.<\/p>\n","protected":false},"excerpt":{"rendered":"Par Ninon Oget Publi\u00e9 le 7 nov. 2025 \u00e0 12h45 ; mis \u00e0 jour le 7 nov. 2025&hellip;\n","protected":false},"author":2,"featured_media":518503,"comment_status":"","ping_status":"","sticky":false,"template":"","format":"standard","meta":{"footnotes":""},"categories":[2],"tags":[11,4019,118,1011,27,3381,12,25],"class_list":{"0":"post-518502","1":"post","2":"type-post","3":"status-publish","4":"format-standard","5":"has-post-thumbnail","7":"category-actualites","8":"tag-actualites","9":"tag-ecoles","10":"tag-faits-divers","11":"tag-fr","12":"tag-france","13":"tag-gendarmerie","14":"tag-news","15":"tag-republique-francaise"},"share_on_mastodon":{"url":"https:\/\/pubeurope.com\/@fr\/115509044615758384","error":""},"_links":{"self":[{"href":"https:\/\/www.europesays.com\/fr\/wp-json\/wp\/v2\/posts\/518502","targetHints":{"allow":["GET"]}}],"collection":[{"href":"https:\/\/www.europesays.com\/fr\/wp-json\/wp\/v2\/posts"}],"about":[{"href":"https:\/\/www.europesays.com\/fr\/wp-json\/wp\/v2\/types\/post"}],"author":[{"embeddable":true,"href":"https:\/\/www.europesays.com\/fr\/wp-json\/wp\/v2\/users\/2"}],"replies":[{"embeddable":true,"href":"https:\/\/www.europesays.com\/fr\/wp-json\/wp\/v2\/comments?post=518502"}],"version-history":[{"count":0,"href":"https:\/\/www.europesays.com\/fr\/wp-json\/wp\/v2\/posts\/518502\/revisions"}],"wp:featuredmedia":[{"embeddable":true,"href":"https:\/\/www.europesays.com\/fr\/wp-json\/wp\/v2\/media\/518503"}],"wp:attachment":[{"href":"https:\/\/www.europesays.com\/fr\/wp-json\/wp\/v2\/media?parent=518502"}],"wp:term":[{"taxonomy":"category","embeddable":true,"href":"https:\/\/www.europesays.com\/fr\/wp-json\/wp\/v2\/categories?post=518502"},{"taxonomy":"post_tag","embeddable":true,"href":"https:\/\/www.europesays.com\/fr\/wp-json\/wp\/v2\/tags?post=518502"}],"curies":[{"name":"wp","href":"https:\/\/api.w.org\/{rel}","templated":true}]}}