{"id":518508,"date":"2025-11-07T15:11:30","date_gmt":"2025-11-07T15:11:30","guid":{"rendered":"https:\/\/www.europesays.com\/fr\/518508\/"},"modified":"2025-11-07T15:11:30","modified_gmt":"2025-11-07T15:11:30","slug":"isabelle-ithurburu-je-narrivais-pas-a-men-remettre-lambiance-etait-horrible-en-plateau","status":"publish","type":"post","link":"https:\/\/www.europesays.com\/fr\/518508\/","title":{"rendered":"Isabelle Ithurburu : \u00ab Je n\u2019arrivais pas \u00e0 m\u2019en remettre, l\u2019ambiance \u00e9tait horrible en plateau \u00bb"},"content":{"rendered":"<p>Isabelle Ithurburu s\u2019est longuement confi\u00e9 via <a href=\"https:\/\/www.leparisien.fr\/sports\/rugby\/xv-de-france\/le-rugby-me-relie-aux-gens-les-confidences-disabelle-ithurburu-avant-de-retrouver-le-xv-de-france-sur-tf-1-07-11-2025-OBPJWH7TOFFW5N5OWVTSPP5LCU.php\" rel=\"nofollow noopener\" target=\"_blank\">Le Parisien<\/a>.<\/p>\n<p>Celle-ci a notamment \u00e9voqu\u00e9 le match de l\u2019\u00e9quipe de France \u00e0 venir contre l\u2019Afrique du Sud.<\/p>\n<p><strong>Elle a h\u00e2te de retrouver avec sa passion de ses d\u00e9buts : journaliste rugby. Extrait<\/strong><\/p>\n<p>\u00ab\u00a0L\u2019an dernier, j\u2019ai pris une grosse claque lors de France-Nouvelle-Z\u00e9lande. Et pourtant, j\u2019ai eu l\u2019occasion de couvrir de nombreux matchs de rugby dans ma vie. Globalement, \u00e7a ne se passe jamais mal, car c\u2019est toujours un plaisir de travailler dans ce contexte. Mais l\u00e0 contre l\u2019Afrique du Sud, il y a le souvenir de la mani\u00e8re dont on s\u2019est quitt\u00e9s il y a deux ans.\u00a0\u00bb<\/p>\n<p><strong>Elle revient sur l\u2019\u00e9limination des Bleus lors de la derni\u00e8re Coupe du monde. Extrait:<\/strong><\/p>\n<p>J\u2019avais la larme \u00e0 l\u2019\u0153il apr\u00e8s le match.\u00a0Franchement, c\u2019est un tr\u00e8s mauvais souvenir.\u00a0Je pensais vraiment que cette \u00e9quipe de France allait le faire. J\u2019\u00e9tais aux manettes de l\u2019\u00e9mission diffus\u00e9e apr\u00e8s la rencontre, et la coupure pub, je ne l\u2019ai pas trouv\u00e9 assez longue pour basculer dessus. Je n\u2019arrivais pas \u00e0 m\u2019en remettre, l\u2019ambiance \u00e9tait horrible en plateau. Je revois comment \u00e9tait Yannick Nyanga\u00a0(ancien joueur du XV de France et consultant)\u2026 C\u2019\u00e9tait comme un lendemain de f\u00eate, mais en pas dr\u00f4le.<\/p>\n<p><strong>Elle \u00e9voque ensuite l\u2019absence d\u2019Antoine Dupont pour cette Tourn\u00e9e. Extrait:<\/strong><\/p>\n<p>Il sera en tribunes\u00a0(il s\u2019entra\u00eene \u00e0 Marcoussis pendant la tourn\u00e9e),\u00a0et on essaiera de l\u2019avoir. C\u2019est un extraterrestre, et on a h\u00e2te qu\u2019il revienne, mais le XV de France a d\u2019autres arguments pour qu\u2019on le suive. Nos \u00e9quipes de France, parce que j\u2019inclus les f\u00e9minines, donnent envie, \u00e7a joue bien, et \u00e7a gagne. Il n\u2019y a pas que lui dans cette \u00e9quipe.<\/p>\n<p><strong>Dans la foul\u00e9e, elle affirme prendre beaucoup de plaisir \u00e0 travailler dans le monde du rugby. Extrait:<\/strong><\/p>\n<p>C\u2019est toujours facile et g\u00e9nial de bosser avec les rugbymen. M\u00eame les plus grandes stars sont accessibles. Il y a une bonne ambiance, ils ne se prennent pas la t\u00eate, c\u2019est tr\u00e8s sympa. En plus l\u00e0, il y a plus de victoires, et forc\u00e9ment plus de plaisir \u00e0 les suivre. On aime raconter quand \u00e7a gagne. \u00c0 titre personnel, je prends un petit coup de vieux en voyant arriver des jeunes qui n\u2019ont que quelques s\u00e9lections. Je ne les ai pas vus \u00e9clore comme les autres\u00a0(rires).<\/p>\n","protected":false},"excerpt":{"rendered":"Isabelle Ithurburu s\u2019est longuement confi\u00e9 via Le Parisien. Celle-ci a notamment \u00e9voqu\u00e9 le match de l\u2019\u00e9quipe de France&hellip;\n","protected":false},"author":2,"featured_media":518509,"comment_status":"","ping_status":"","sticky":false,"template":"","format":"standard","meta":{"footnotes":""},"categories":[1416],"tags":[1011,27,479,1468,60],"class_list":{"0":"post-518508","1":"post","2":"type-post","3":"status-publish","4":"format-standard","5":"has-post-thumbnail","7":"category-rugby","8":"tag-fr","9":"tag-france","10":"tag-rugby","11":"tag-rugby-football","12":"tag-sports"},"share_on_mastodon":{"url":"https:\/\/pubeurope.com\/@fr\/115509060150727003","error":""},"_links":{"self":[{"href":"https:\/\/www.europesays.com\/fr\/wp-json\/wp\/v2\/posts\/518508","targetHints":{"allow":["GET"]}}],"collection":[{"href":"https:\/\/www.europesays.com\/fr\/wp-json\/wp\/v2\/posts"}],"about":[{"href":"https:\/\/www.europesays.com\/fr\/wp-json\/wp\/v2\/types\/post"}],"author":[{"embeddable":true,"href":"https:\/\/www.europesays.com\/fr\/wp-json\/wp\/v2\/users\/2"}],"replies":[{"embeddable":true,"href":"https:\/\/www.europesays.com\/fr\/wp-json\/wp\/v2\/comments?post=518508"}],"version-history":[{"count":0,"href":"https:\/\/www.europesays.com\/fr\/wp-json\/wp\/v2\/posts\/518508\/revisions"}],"wp:featuredmedia":[{"embeddable":true,"href":"https:\/\/www.europesays.com\/fr\/wp-json\/wp\/v2\/media\/518509"}],"wp:attachment":[{"href":"https:\/\/www.europesays.com\/fr\/wp-json\/wp\/v2\/media?parent=518508"}],"wp:term":[{"taxonomy":"category","embeddable":true,"href":"https:\/\/www.europesays.com\/fr\/wp-json\/wp\/v2\/categories?post=518508"},{"taxonomy":"post_tag","embeddable":true,"href":"https:\/\/www.europesays.com\/fr\/wp-json\/wp\/v2\/tags?post=518508"}],"curies":[{"name":"wp","href":"https:\/\/api.w.org\/{rel}","templated":true}]}}