{"id":518514,"date":"2025-11-07T15:20:18","date_gmt":"2025-11-07T15:20:18","guid":{"rendered":"https:\/\/www.europesays.com\/fr\/518514\/"},"modified":"2025-11-07T15:20:18","modified_gmt":"2025-11-07T15:20:18","slug":"selections-trois-joueurs-du-psg-convoques-avec-le-portugal","status":"publish","type":"post","link":"https:\/\/www.europesays.com\/fr\/518514\/","title":{"rendered":"S\u00e9lections \u2013 Trois joueurs du PSG convoqu\u00e9s avec le Portugal"},"content":{"rendered":"<p><img width=\"780\" height=\"470\" src=\"https:\/\/www.europesays.com\/fr\/wp-content\/uploads\/2025\/11\/0691b-780x470.jpg\" class=\"attachment-jannah-image-post size-jannah-image-post wp-post-image\" alt=\"Joao Neves\" is_main_img=\"1\" decoding=\"async\" fetchpriority=\"high\"\/><\/p>\n<p>Apr\u00e8s le match contre Lyon, de nombreux joueurs du PSG vont<br \/>\nrejoindre leurs s\u00e9lections nationales portugaises. Ce sera le cas<br \/>\npour trois joueurs portugais.<\/p>\n<p>La derni\u00e8re tr\u00eave internationale de l\u2019ann\u00e9e 2025 ouvrira ses<br \/>\nportes \u00e0 l\u2019issue de la rencontre entre <strong>Lyon<\/strong> et le<br \/>\n<strong>PSG<\/strong> dimanche soir (20h45, Ligue 1+) pour<br \/>\nle compte de la douzi\u00e8me journ\u00e9e de <strong>Ligue 1<\/strong>. Une<br \/>\npause internationale qui va concerner un tr\u00e8s grand nombre de<br \/>\njoueurs du <strong>PSG<\/strong>. Ce sera le cas pour trois des<br \/>\nquarts portugais de l\u2019effectif des Rouge &amp; Bleu.\u00a0<\/p>\n<p>A lire aussi : <a href=\"https:\/\/canal-supporters.com\/vitinha-cetait-un-privilege-de-partager-le-terrain-avec-verratti\/\" title=\"\" target=\"_blank\" rel=\"noopener\">Vitinha : \u00ab\u00a0C\u2019\u00e9tait un privil\u00e8ge de partager le<br \/>\nterrain avec Verratti\u00a0\u00bb<\/a><\/p>\n<p><a href=\"https:\/\/x.com\/CanalSupporters\" target=\"_blank\" rel=\"noopener\" title=\"\">canalsupporters.com<\/a><\/p>\n<p>Une<br \/>\nqualification \u00e0 la Coupe du monde \u00e0 aller chercher<\/p>\n<p>Ce vendredi apr\u00e8s-midi, <strong>Roberto Martinez<\/strong>, le<br \/>\ns\u00e9lectionneur du <strong>Portugal<\/strong>, a d\u00e9voil\u00e9 sa liste pour<br \/>\nles matches de <strong>Qualifications \u00e0 la Coupe du monde<br \/>\n2026<\/strong> contre l\u2019<strong>Irlande<\/strong> le 13 novembre<br \/>\n(20h45) et l\u2019<strong>Arm\u00e9nie<\/strong> le 16 novembre (15 heures).<br \/>\nLes Portugais voudront valider leur qualification pour le<br \/>\n<strong>Mondial<\/strong> avec ces deux matches.<br \/>\n<strong>Vitinha<\/strong>, <strong><a href=\"https:\/\/canal-supporters.com\/joao-neves-pret-a-faire-toute-sa-carriere-au-psg\/\" title=\"\" target=\"_blank\" rel=\"noopener\">Joao Neves<\/a><\/strong>, qui a repris la comp\u00e9tition<br \/>\ncontre <strong>Lorient<\/strong>, la semaine derni\u00e8re, et<br \/>\n<strong>Gon\u00e7alo Ramos<\/strong> font partie de la <a href=\"https:\/\/x.com\/selecaoportugal\/status\/1986774427686617546\" target=\"_blank\" rel=\"noopener\" title=\"\">liste<\/a>. Ce n\u2019est \u00e9videmment pas<br \/>\nle cas de <strong><a href=\"https:\/\/canal-supporters.com\/psg-ousmane-dembele-achraf-hakimi-nuno-mendes-un-point-medical-charge\/\" title=\"\" target=\"_blank\" rel=\"noopener\">Nuno Mendes<\/a><\/strong>, victime d\u2019une entorse du genou<br \/>\ngauche lors de la d\u00e9faite du <strong>PSG<\/strong> contre le<br \/>\n<strong>Bayern Munich<\/strong> mardi lors de la quatri\u00e8me journ\u00e9e<br \/>\nde la phase de ligue de la <strong>Ligue des champions<\/strong> et<br \/>\nqui sera absent plusieurs semaines.<\/p>\n<p>La liste du<br \/>\nPortugal<\/p>\n<ul class=\"wp-block-list\">\n<li><strong>Gardiens<\/strong> : Diogo Costa, Jos\u00e9 Sa, Rui Silva<\/li>\n<li><strong>D\u00e9fenseurs<\/strong> : Diogo Dalot, Nelson Semedo, Joao Cancelo, Matheus Nunes, Ruben Dias, Gon\u00e7alo Inacio, Antonio Silva, Renato Veiga<\/li>\n<li><strong>Milieux<\/strong> : Joao Palhinha, Ruben Neves, <strong>Vitinha<\/strong>, <strong>Joao Neves<\/strong>, Bruno Fernandes, Bernardo Silva<\/li>\n<li><strong>Attaquants<\/strong> : Pedro Gon\u00e7alves, Joao Felix, Fransisco Trincao, Francisco Concei\u00e7ao, Rafael Leao, Pedro Neto, Carlos Forbs, <strong>Gon\u00e7alo Ramos<\/strong>, Cristiano Ronaldo<\/li>\n<\/ul>\n","protected":false},"excerpt":{"rendered":"Apr\u00e8s le match contre Lyon, de nombreux joueurs du PSG vont rejoindre leurs s\u00e9lections nationales portugaises. Ce sera&hellip;\n","protected":false},"author":2,"featured_media":518515,"comment_status":"","ping_status":"","sticky":false,"template":"","format":"standard","meta":{"footnotes":""},"categories":[1410],"tags":[81,787,63,1011,27,86,87,16044,626,91,92,6996,93,50411,20338,26195,28853,51228,63892,60,96,13296],"class_list":{"0":"post-518514","1":"post","2":"type-post","3":"status-publish","4":"format-standard","5":"has-post-thumbnail","7":"category-football","8":"tag-canal-supporters","9":"tag-cs","10":"tag-football","11":"tag-fr","12":"tag-france","13":"tag-goncalo-ramos","14":"tag-joao-neves","15":"tag-neves","16":"tag-paris","17":"tag-paris-saint-germain","18":"tag-paris-sg","19":"tag-portugal","20":"tag-psg","21":"tag-qualifications-coupe-du-monde-2026","22":"tag-ramos","23":"tag-selecao","24":"tag-selections","25":"tag-selections-nationales","26":"tag-selections-portugaise","27":"tag-sports","28":"tag-une","29":"tag-vitinha"},"share_on_mastodon":{"url":"https:\/\/pubeurope.com\/@fr\/115509097111025630","error":""},"_links":{"self":[{"href":"https:\/\/www.europesays.com\/fr\/wp-json\/wp\/v2\/posts\/518514","targetHints":{"allow":["GET"]}}],"collection":[{"href":"https:\/\/www.europesays.com\/fr\/wp-json\/wp\/v2\/posts"}],"about":[{"href":"https:\/\/www.europesays.com\/fr\/wp-json\/wp\/v2\/types\/post"}],"author":[{"embeddable":true,"href":"https:\/\/www.europesays.com\/fr\/wp-json\/wp\/v2\/users\/2"}],"replies":[{"embeddable":true,"href":"https:\/\/www.europesays.com\/fr\/wp-json\/wp\/v2\/comments?post=518514"}],"version-history":[{"count":0,"href":"https:\/\/www.europesays.com\/fr\/wp-json\/wp\/v2\/posts\/518514\/revisions"}],"wp:featuredmedia":[{"embeddable":true,"href":"https:\/\/www.europesays.com\/fr\/wp-json\/wp\/v2\/media\/518515"}],"wp:attachment":[{"href":"https:\/\/www.europesays.com\/fr\/wp-json\/wp\/v2\/media?parent=518514"}],"wp:term":[{"taxonomy":"category","embeddable":true,"href":"https:\/\/www.europesays.com\/fr\/wp-json\/wp\/v2\/categories?post=518514"},{"taxonomy":"post_tag","embeddable":true,"href":"https:\/\/www.europesays.com\/fr\/wp-json\/wp\/v2\/tags?post=518514"}],"curies":[{"name":"wp","href":"https:\/\/api.w.org\/{rel}","templated":true}]}}