{"id":518522,"date":"2025-11-07T15:28:12","date_gmt":"2025-11-07T15:28:12","guid":{"rendered":"https:\/\/www.europesays.com\/fr\/518522\/"},"modified":"2025-11-07T15:28:12","modified_gmt":"2025-11-07T15:28:12","slug":"amanda-lear-deuil-apres-deuil-une-survivante-ses-tristes-confidences-sur-la-perte-de-plusieurs-proches","status":"publish","type":"post","link":"https:\/\/www.europesays.com\/fr\/518522\/","title":{"rendered":"Amanda Lear deuil apr\u00e8s deuil : \u201cUne survivante\u201d, ses tristes confidences sur la perte de plusieurs proches"},"content":{"rendered":"<p data-start=\"270\" data-end=\"481\">Amanda Lear fait partie des<br \/>\nartistes qui ont travers\u00e9 les g\u00e9n\u00e9rations. Et <a href=\"https:\/\/www.closermag.fr\/people\/jai-une-adresse-a-amanda-lear-a-pris-ses-dispositions-pour-sa-fin-de-vie-3422750\" target=\"_blank\" rel=\"noopener\"><br \/>\n\u00e0 86 ans<\/a>, la chanteuse pop et disco n\u2019a pas dit son dernier<br \/>\nmot, puisque le 7 novembre, elle a d\u00e9voil\u00e9 un nouvel album,<br \/>\nLooking Back.<\/p>\n<p data-start=\"483\" data-end=\"806\">Deux jours plus t\u00f4t, soit le<br \/>\nmercredi 5 novembre, elle est venue faire la promotion de ses<br \/>\nnouveaux titres sur le plateau de C \u00e0 Vous. Aux c\u00f4t\u00e9s d\u2019Anne-\u00c9lisabeth Lemoine et de ses<br \/>\nchroniqueurs, elle est revenue sur sa carri\u00e8re, mais a aussi<br \/>\n<a href=\"https:\/\/www.closermag.fr\/people\/amanda-lear-au-plus-mal-terrorisee-elle-va-devoir-se-faire-operer-a-cause-dun-probleme-de-sante-3591803\" target=\"_blank\" rel=\"noopener\"><br \/>\nparl\u00e9 de sa vie priv\u00e9e<\/a> et notamment des pertes douloureuses<br \/>\nqu\u2019elle a connues.<\/p>\n<p>Amanda Lear : ce terme qu\u2019elle<br \/>\nrefuse que l\u2019on emploie \u00e0 son sujet<\/p>\n<p data-start=\"887\" data-end=\"1396\">Amanda Lear est une artiste<br \/>\ncompl\u00e8te. Si elle s\u2019illustre aujourd\u2019hui en tant que chanteuse,<br \/>\nelle a commenc\u00e9 sa carri\u00e8re dans les ann\u00e9es 1960 comme mannequin et<br \/>\n<strong>muse du peintre surr\u00e9aliste Salvador Dal\u00ed.<\/strong> Il<br \/>\nfaudra attendre une dizaine d\u2019ann\u00e9es pour qu\u2019elle explore un nouvel<br \/>\nart, \u00e0 savoir celui de la musique. Elle sera rapidement couronn\u00e9e<br \/>\nde succ\u00e8s dans ce domaine, et ses singles comme \u00ab Blood and Honey \u00bb, \u00ab Follow Me \u00bb ou \u00ab Queen of Chinatown \u00bb feront d\u2019elle une ic\u00f4ne<br \/>\ndu disco-euro pop en Europe.<\/p>\n<p data-start=\"1398\" data-end=\"1911\">Avec une carri\u00e8re comme la<br \/>\nsienne, Amanda Lear est consid\u00e9r\u00e9e par certains comme une ic\u00f4ne.<br \/>\nCependant, elle n\u2019est pas d\u2019accord avec ce terme : \u201cAlors pour moi une ic\u00f4ne c\u00a0\u00bbest quelque<br \/>\nchose de religieux. Vous voyez au mur l&rsquo;ic\u00f4ne c&rsquo;est elle est fig\u00e9e,<br \/>\non s&rsquo;agenouille devant, on fait sa pri\u00e8re. Et je n&rsquo;aime pas ce c\u00f4t\u00e9<br \/>\nfig\u00e9, immobile\u201d, explique-t-elle sur le plateau de<br \/>\nC \u00e0 Vous, avant de<br \/>\npoursuivre : <strong>\u201cC&rsquo;est<br \/>\npour \u00e7a que je dis je ne suis pas une ic\u00f4ne, je suis une<br \/>\nsurvivante.<\/strong> Puisque je suis encore l\u00e0.\u201d<\/p>\n<p>\u201cToutes mes copines ont<br \/>\ndisparu\u201d : les confessions douloureuses d\u2019Amanda Lear<\/p>\n<p data-start=\"2005\" data-end=\"2482\">Ce n\u2019est pas pour rien qu\u2019elle<br \/>\na choisi ce terme. En effet, celle qui fut \u00e9galement animatrice de<br \/>\nt\u00e9l\u00e9vision a connu de nombreuses pertes : \u201c<strong>Toutes mes copines ont disparu, Marianne<br \/>\nFaithfull, Anita Pallenberg&#8230;<\/strong> toutes mes copines. Et moi<br \/>\nje suis une survivante, donc je pr\u00e9f\u00e8re.\u201d Amanda Lear a<br \/>\nd\u2019ailleurs consacr\u00e9 une chanson \u00e0 tous ses proches partis avant<br \/>\nelle : \u201cEt c&rsquo;est pour \u00e7a que<br \/>\nj&rsquo;ai \u00e9crit cette chanson qui s&rsquo;appelle \u2018I&rsquo;m a 60 survivor\u2019,<br \/>\n<strong>je suis une survivante.<\/strong>\u201d<\/p>\n<p data-start=\"2484\" data-end=\"2709\">En plus d\u2019avoir perdu de<br \/>\nnombreuses amies, <strong>Amanda Lear est veuve depuis 25<br \/>\nans<\/strong>, suite \u00e0 <a href=\"https:\/\/www.closermag.fr\/people\/amanda-lear-de-quoi-est-mort-tragiquement-son-mari-alain-philippe-malagnac-1360363\" target=\"_blank\" rel=\"noopener\"><br \/>\nla mort de son mari, Alain-Philippe Malagnac,<\/a> en 2000. Une<br \/>\ndisparition aussi tragique qu\u2019inattendue, puisqu\u2019il a p\u00e9ri dans un<br \/>\nincendie.<\/p>\n","protected":false},"excerpt":{"rendered":"Amanda Lear fait partie des artistes qui ont travers\u00e9 les g\u00e9n\u00e9rations. Et \u00e0 86 ans, la chanteuse pop&hellip;\n","protected":false},"author":2,"featured_media":518523,"comment_status":"","ping_status":"","sticky":false,"template":"","format":"standard","meta":{"footnotes":""},"categories":[1355],"tags":[19704,58,59,1011,27,1361,873],"class_list":{"0":"post-518522","1":"post","2":"type-post","3":"status-publish","4":"format-standard","5":"has-post-thumbnail","7":"category-musique","8":"tag-amanda-lear","9":"tag-divertissement","10":"tag-entertainment","11":"tag-fr","12":"tag-france","13":"tag-music","14":"tag-musique"},"share_on_mastodon":{"url":"https:\/\/pubeurope.com\/@fr\/115509127252609531","error":""},"_links":{"self":[{"href":"https:\/\/www.europesays.com\/fr\/wp-json\/wp\/v2\/posts\/518522","targetHints":{"allow":["GET"]}}],"collection":[{"href":"https:\/\/www.europesays.com\/fr\/wp-json\/wp\/v2\/posts"}],"about":[{"href":"https:\/\/www.europesays.com\/fr\/wp-json\/wp\/v2\/types\/post"}],"author":[{"embeddable":true,"href":"https:\/\/www.europesays.com\/fr\/wp-json\/wp\/v2\/users\/2"}],"replies":[{"embeddable":true,"href":"https:\/\/www.europesays.com\/fr\/wp-json\/wp\/v2\/comments?post=518522"}],"version-history":[{"count":0,"href":"https:\/\/www.europesays.com\/fr\/wp-json\/wp\/v2\/posts\/518522\/revisions"}],"wp:featuredmedia":[{"embeddable":true,"href":"https:\/\/www.europesays.com\/fr\/wp-json\/wp\/v2\/media\/518523"}],"wp:attachment":[{"href":"https:\/\/www.europesays.com\/fr\/wp-json\/wp\/v2\/media?parent=518522"}],"wp:term":[{"taxonomy":"category","embeddable":true,"href":"https:\/\/www.europesays.com\/fr\/wp-json\/wp\/v2\/categories?post=518522"},{"taxonomy":"post_tag","embeddable":true,"href":"https:\/\/www.europesays.com\/fr\/wp-json\/wp\/v2\/tags?post=518522"}],"curies":[{"name":"wp","href":"https:\/\/api.w.org\/{rel}","templated":true}]}}