{"id":518524,"date":"2025-11-07T15:29:13","date_gmt":"2025-11-07T15:29:13","guid":{"rendered":"https:\/\/www.europesays.com\/fr\/518524\/"},"modified":"2025-11-07T15:29:13","modified_gmt":"2025-11-07T15:29:13","slug":"le-frankenstein-de-guillermo-del-toro-dechire-la-critique","status":"publish","type":"post","link":"https:\/\/www.europesays.com\/fr\/518524\/","title":{"rendered":"le \u00ab\u00a0Frankenstein\u00a0\u00bb de Guillermo del Toro d\u00e9chire la critique"},"content":{"rendered":"<p>La nouvelle adaptation du mythe de Frankenstein par le r\u00e9alisateur mexicain divise les observateurs. Disponible depuis le 7 novembre sur Netflix, ce film-fleuve de 2h30 interroge autant sur l&rsquo;ambition de l&rsquo;auteur que sur les contraintes du streaming.<\/p>\n<p>Son projet a m\u00fbri pendant pr\u00e8s de vingt ans. Le <a href=\"https:\/\/www.bfmtv.com\/people\/cinema\/guillermo-del-toro-prefererait-mourir-qu-utiliser-l-ia_AN-202510270473.html\" title=\"Guillermo del Toro &quot;pr\u00e9f\u00e9rerait mourir&quot; qu&#039;utiliser l&#039;IA\" class=\"internal_link\" rel=\"nofollow noopener\" target=\"_blank\">Frankenstein<\/a> de <a href=\"https:\/\/www.bfmtv.com\/people\/cinema\/guillermo-del-toro-prefererait-mourir-qu-utiliser-l-ia_AN-202510270473.html\" title=\"Guillermo del Toro &quot;pr\u00e9f\u00e9rerait mourir&quot; qu&#039;utiliser l&#039;IA\" class=\"internal_link\" rel=\"nofollow noopener\" target=\"_blank\">Guillermo del Toro<\/a>, sorti ce 7 novembre sur Netflix, se veut une adaptation libre du roman de Mary Shelley, avec Oscar Isaac dans le r\u00f4le de Victor Frankenstein et Jacob Elordi dans celui de sa cr\u00e9ature. Pr\u00e9sent\u00e9 \u00e0 la Mostra de Venise fin ao\u00fbt, le film arrive sur la plateforme apr\u00e8s une sortie limit\u00e9e en salles le 17 octobre dernier.<\/p>\n<p>Le projet s&rsquo;inscrit dans la continuit\u00e9 d&rsquo;une collaboration entre Netflix et le r\u00e9alisateur mexicain oscaris\u00e9, d\u00e9j\u00e0 \u00e0 l&rsquo;\u0153uvre sur Pinocchio (2022) et la s\u00e9rie Le Cabinet de curiosit\u00e9s (2022). Un partenariat de confiance qui a permis de sauver ce film. Abandonn\u00e9 en 2017, faute de studio int\u00e9ress\u00e9, il rena\u00eet l&rsquo;ann\u00e9e d&rsquo;apr\u00e8s gr\u00e2ce au soutien du g\u00e9ant am\u00e9ricain.<\/p>\n<\/p>\n<p>Ce Frankenstein \u00e0 la gestation si longue et au budget substantiel (120 millions de dollars) \u00e9tait donc tr\u00e8s attendu. Il divise cependant les critiques. Il n&rsquo;est ainsi pas \u00ab\u00a0\u00e0 la hauteur des attentes follement \u00e9lev\u00e9es que les fans de del Toro avaient plac\u00e9 dans ce projet\u00a0\u00bb, pour <a href=\"https:\/\/variety.com\/2025\/film\/reviews\/frankenstein-review-guillermo-del-toro-1236502741\/\" target=\"_blank\" class=\"external_link\" rel=\"nofollow noopener\">Variety<\/a>.<\/p>\n<p>Parmi les partisans, <a href=\"https:\/\/www.lemonde.fr\/culture\/article\/2025\/11\/07\/elle-vit-sur-netflix-guillermo-del-toro-insuffle-energie-et-beaute-au-mythe-de-frankenstein_6652545_3246.html\" target=\"_blank\" class=\"external_link\" rel=\"nofollow noopener\">Le Monde<\/a> estime que \u00ab\u00a0Guillermo del Toro insuffle \u00e9nergie et beaut\u00e9 au mythe de Frankenstein\u00a0\u00bb. Le quotidien souligne la capacit\u00e9 du r\u00e9alisateur \u00e0 \u00ab\u00a0r\u00e9animer des images mortes\u00a0\u00bb et loue un film qui \u00ab\u00a0distille l&rsquo;essence de son cin\u00e9ma\u00a0\u00bb. Pour le Guardian, Guillermo del Toro \u00ab\u00a0r\u00e9anime un classique en un m\u00e9lodrame d&rsquo;une beaut\u00e9 monstrueuse\u00a0\u00bb, regrettant seulement que le r\u00e9alisateur \u00ab\u00a0s&rsquo;obstine \u00e0 faire de son monstre une sorte de d\u00e9mon surnaturel, insensible aux balles\u00a0\u00bb.<\/p>\n<p><a href=\"https:\/\/www.liberation.fr\/culture\/cinema\/sur-netflix-le-frankenstein-de-guillermo-del-toro-au-propre-et-au-defigure-20251106_Y3RRI52LJNHQHBSFQCCOZ7BE2I\/\" target=\"_blank\" class=\"external_link\" rel=\"nofollow noopener\">Lib\u00e9ration<\/a> voit dans les derniers plans du film un aboutissement, \u00ab\u00a0un au-del\u00e0 du vrai et du faux, de l&rsquo;artificiel et du r\u00e9el, du kitsch et du sublime\u00a0\u00bb. Le journal reconna\u00eet que le c\u0153ur du film \u00ab\u00a0reste horrifique, concret\u00a0\u00bb, transformant le cin\u00e9ma en \u00ab\u00a0boucherie-laboratoire\u00a0\u00bb.<\/p>\n<p>\u00ab\u00a0Tout va trop vite\u00a0\u00bb<\/p>\n<p><a href=\"https:\/\/www.telerama.fr\/cinema\/mostra-de-venise-2025-guillermo-del-toro-livre-un-frankenstein-blockbuster-sans-ame-ni-chair-7027130.php\" target=\"_blank\" class=\"external_link\" rel=\"nofollow noopener\">T\u00e9l\u00e9rama<\/a>, a contrario, porte un jugement s\u00e9v\u00e8re sur \u00ab\u00a0un blockbuster infernal, qui manque d&rsquo;\u00e2me et de chair\u00a0\u00bb. Le magazine \u00e9voque un \u00ab\u00a0d\u00e9luge d&rsquo;images, cette avalanche d&rsquo;\u00e9pisodes, ce raz-de-mar\u00e9e musical\u00a0\u00bb, d\u00e9plorant que \u00ab\u00a0tout va trop vite\u00a0\u00bb.<\/p>\n<p>Sur la performance des acteurs, les avis sont aussi contrast\u00e9s. Jacob Elordi fait l&rsquo;unanimit\u00e9 dans le r\u00f4le de la cr\u00e9ature. Le Monde d\u00e9crit \u00ab\u00a0une esp\u00e8ce de statue marmor\u00e9enne aux reflets bleut\u00e9s\u00a0\u00bb, tandis qu&rsquo;Olivier Lamm (critique de Lib\u00e9ration, au micro de <a href=\"https:\/\/www.radiofrance.fr\/franceculture\/podcasts\/les-midis-de-culture\/les-midis-de-culture-la-critique-partie-2-emission-du-mercredi-05-novembre-2025-7378760\" target=\"_blank\" class=\"external_link\" rel=\"nofollow noopener\">France Culture<\/a>) le trouve \u00ab\u00a0touchant, captivant\u00a0\u00bb, capable de cr\u00e9er \u00ab\u00a0un d\u00e9sir, une sensualit\u00e9 de la cr\u00e9ature qui traverse l&rsquo;\u00e9cran\u00a0\u00bb.<\/p>\n<p>Oscar Isaac fait moins l&rsquo;unanimit\u00e9. T\u00e9l\u00e9rama estime qu&rsquo;il \u00ab\u00a0en fait un peu beaucoup\u00a0\u00bb, tandis que Le Monde \u00e9voque des \u00ab\u00a0traits hallucin\u00e9s\u00a0\u00bb au service d&rsquo;un personnage dont \u00ab\u00a0le d\u00e9sarroi est l&rsquo;un des rares traits qui inspire un peu de sympathie\u00a0\u00bb.<\/p>\n<p>Un \u00ab\u00a0effet Netflix\u00a0\u00bb<\/p>\n<p>La collaboration entre Netflix et les grands auteurs a produit des r\u00e9sultats contrast\u00e9s ces derni\u00e8res ann\u00e9es. Si Uncut Gems des fr\u00e8res Safdie ou The Power of the Dog de Jane Campion ont \u00e9t\u00e9 salu\u00e9s, la question de la mise en sc\u00e8ne et de l&rsquo;esth\u00e9tique sur la plateforme demeure un sujet sensible.<\/p>\n<p>Faut-il y voir un \u00ab\u00a0effet Netflix\u00a0\u00bb? C&rsquo;est le sentiment de Murielle Joudet, critique du Monde, interrog\u00e9e par France Culture: \u00ab\u00a0Les auteurs semblent perdus sur cette plateforme: il n&rsquo;y a ni abstraction, ni v\u00e9ritable mise en sc\u00e8ne\u00a0\u00bb. Sa critique est cinglante estimant que \u00ab\u00a0Frankenstein est un film sans cin\u00e9ma\u00a0\u00bb.<\/p>\n<p>De m\u00eame pour T\u00e9l\u00e9rama qui, avec Frankenstein, voit s&rsquo;ouvrir \u00ab\u00a0un d\u00e9bat qu&rsquo;on croyait r\u00e9volu depuis la r\u00e9ussite incontestable de plusieurs films\u00a0\u00bb sur la plateforme. Le magazine va jusqu&rsquo;\u00e0 se demander si Guillermo del Toro serait \u00ab\u00a0un robot\u00a0\u00bb: \u00ab\u00a0Tout son talent visionnaire s\u2019est \u00e9vapor\u00e9 (&#8230;). On a cru un moment \u00eatre face \u00e0 un Marvel.\u00a0\u00bb<\/p>\n<p>Le partenariat avec Netflix divise, donc. Et surtout, il a un prix &#8211; une diffusion principalement domestique comme le regrette Le Monde, \u00ab\u00a0c&rsquo;est le moment de verser quelques larmes sur le sort de ce Frankenstein fait pour l&rsquo;obscurit\u00e9 des salles que l&rsquo;on ne pourra voir que sur son canap\u00e9\u00a0\u00bb. L&rsquo;ambition de Guillermo del Toro \u00e9tait aussi celle de \u00ab\u00a0l&rsquo;obscurit\u00e9 des salles\u00a0\u00bb &#8211; reste \u00e0 savoir si cette vision survivra \u00e0 l&rsquo;\u00e9preuve du petit \u00e9cran.<\/p>\n","protected":false},"excerpt":{"rendered":"La nouvelle adaptation du mythe de Frankenstein par le r\u00e9alisateur mexicain divise les observateurs. Disponible depuis le 7&hellip;\n","protected":false},"author":2,"featured_media":144515,"comment_status":"","ping_status":"","sticky":false,"template":"","format":"standard","meta":{"footnotes":""},"categories":[1354],"tags":[58,59,1346,1011,27,1360],"class_list":{"0":"post-518524","1":"post","2":"type-post","3":"status-publish","4":"format-standard","5":"has-post-thumbnail","7":"category-films","8":"tag-divertissement","9":"tag-entertainment","10":"tag-films","11":"tag-fr","12":"tag-france","13":"tag-movies"},"share_on_mastodon":{"url":"https:\/\/pubeurope.com\/@fr\/115509131079269049","error":""},"_links":{"self":[{"href":"https:\/\/www.europesays.com\/fr\/wp-json\/wp\/v2\/posts\/518524","targetHints":{"allow":["GET"]}}],"collection":[{"href":"https:\/\/www.europesays.com\/fr\/wp-json\/wp\/v2\/posts"}],"about":[{"href":"https:\/\/www.europesays.com\/fr\/wp-json\/wp\/v2\/types\/post"}],"author":[{"embeddable":true,"href":"https:\/\/www.europesays.com\/fr\/wp-json\/wp\/v2\/users\/2"}],"replies":[{"embeddable":true,"href":"https:\/\/www.europesays.com\/fr\/wp-json\/wp\/v2\/comments?post=518524"}],"version-history":[{"count":0,"href":"https:\/\/www.europesays.com\/fr\/wp-json\/wp\/v2\/posts\/518524\/revisions"}],"wp:featuredmedia":[{"embeddable":true,"href":"https:\/\/www.europesays.com\/fr\/wp-json\/wp\/v2\/media\/144515"}],"wp:attachment":[{"href":"https:\/\/www.europesays.com\/fr\/wp-json\/wp\/v2\/media?parent=518524"}],"wp:term":[{"taxonomy":"category","embeddable":true,"href":"https:\/\/www.europesays.com\/fr\/wp-json\/wp\/v2\/categories?post=518524"},{"taxonomy":"post_tag","embeddable":true,"href":"https:\/\/www.europesays.com\/fr\/wp-json\/wp\/v2\/tags?post=518524"}],"curies":[{"name":"wp","href":"https:\/\/api.w.org\/{rel}","templated":true}]}}