{"id":518533,"date":"2025-11-07T15:36:19","date_gmt":"2025-11-07T15:36:19","guid":{"rendered":"https:\/\/www.europesays.com\/fr\/518533\/"},"modified":"2025-11-07T15:36:19","modified_gmt":"2025-11-07T15:36:19","slug":"retraite-votre-pouvoir-dachat-va-t-il-seffondrer","status":"publish","type":"post","link":"https:\/\/www.europesays.com\/fr\/518533\/","title":{"rendered":"Retraite : votre pouvoir d&rsquo;achat va-t-il s&rsquo;effondrer ?"},"content":{"rendered":"<p>        <img decoding=\"async\" src=\"https:\/\/www.europesays.com\/fr\/wp-content\/uploads\/2025\/11\/ad2eb5480da55650ce33582584224362-760x508.jpg\" alt=\"(Cr\u00e9dits: Adobe Stock)\" loading=\"eager\" fetchpriority=\"high\" width=\"760\" height=\"508\" style=\"max-width: 100%!important; height: auto;\"\/><\/p>\n<p class=\"c-image-news__legend\">(Cr\u00e9dits: Adobe Stock)<\/p>\n<p>\n <strong><br \/>\n  Vous vous inqui\u00e9tez pour vos vieux jours ? Vous n&rsquo;\u00eates pas le seul. Pr\u00e8s d&rsquo;un Fran\u00e7ais sur deux redoute une baisse significative de son niveau de vie \u00e0 la retraite. Une crainte loin d&rsquo;\u00eatre infond\u00e9e : les salari\u00e9s comme les fonctionnaires perdent jusqu&rsquo;\u00e0 la moiti\u00e9 de leurs revenus.<br \/>\n <\/strong>\n<\/p>\n<p>\n Votre avenir financier \u00e0 la retraite vous pr\u00e9occupe ? C&rsquo;est le cas de 47% de nos compatriotes, selon une vaste enqu\u00eate du cabinet de conseil Kearney d\u00e9voil\u00e9e le 28 octobre 2025. Men\u00e9e aupr\u00e8s de 6.200 Europ\u00e9ens dans 20 pays, cette \u00e9tude r\u00e9v\u00e8le une inqui\u00e9tude massive, y compris des Fran\u00e7ais, face \u00e0 la perspective d&rsquo;un d\u00e9part en retraite.\n<\/p>\n<p>\n Et pour cause : les chiffres du Conseil d&rsquo;orientation des retraites (COR) rendus publics le 12 juin 2025 donnent le vertige. Si vous \u00eates salari\u00e9 non-cadre, vous toucherez environ 70% de votre dernier salaire une fois retrait\u00e9. Salari\u00e9 cadre ? Pr\u00e9parez-vous \u00e0 ne percevoir que 50% de vos revenus actuels. Traduction concr\u00e8te : vous devriez perdre entre 30% et 50% de pouvoir d&rsquo;achat \u00e0 la retraite.\n<\/p>\n<p> Des cadres particuli\u00e8rement p\u00e9nalis\u00e9s<\/p>\n<p>\n Dans le priv\u00e9, vos cotisations de retraite de base sont plafonn\u00e9es. Les retraites compl\u00e9mentaires Agirc-Arrco prennent le relais : elles constituent 30% de la pension des non-cadres et 60% de celle des cadres. Probl\u00e8me : leur rendement a \u00e9t\u00e9 sabr\u00e9 pour \u00e9quilibrer les comptes du r\u00e9gime. Si vous \u00eates cadre, vous \u00eates particuli\u00e8rement p\u00e9nalis\u00e9.\n<\/p>\n<p>\n Vous pensiez \u00eatre prot\u00e9g\u00e9 dans le public ? D\u00e9trompez-vous. Certes, vous cotisez sur l&rsquo;int\u00e9gralit\u00e9 de votre r\u00e9mun\u00e9ration hors primes. Mais justement : la multiplication des primes &#8211; destin\u00e9es notamment \u00e0 compenser le gel du point d&rsquo;indice de la fonction publique &#8211; joue contre vous. Votre pension ne repr\u00e9sentera que 65% de votre dernier traitement, soit 35% de pouvoir d&rsquo;achat en moins. Attention : toutes les donn\u00e9es du COR concernent les d\u00e9parts sans d\u00e9cote. Dans la r\u00e9alit\u00e9, les taux de remplacement sont encore plus faibles.\n<\/p>\n<p> La France, pas si mal lotie<\/p>\n<p>\n Avec un taux de remplacement moyen de 57,6%, la France se positionne en 21\u00e8me position parmi les 38 pays de l&rsquo;Organisation de coop\u00e9ration et de d\u00e9veloppement \u00e9conomiques (OCDE), le club des nations \u00ab riches \u00bb. Pas brillant, mais au-dessus de la moyenne de l&rsquo;organisation dont le si\u00e8ge est situ\u00e9 \u00e0 Paris (50,7%), ainsi que de la moyenne de l&rsquo;Union europ\u00e9enne (54,8%).<br \/>\n <br \/>Consolation : vous \u00eates moins anxieux que vos voisins. L&rsquo;\u00e9tude de Kearney montre que 47% des Europ\u00e9ens partagent vos craintes. Les Espagnols et les N\u00e9erlandais sont respectivement 54% et 57% \u00e0 s&rsquo;inqui\u00e9ter sur leur niveau de vie \u00e0 la retraite. Quant aux Britanniques, 62% des sujets de sa gracieuse Majest\u00e9 craignent pour leur porte-monnaie une fois qu&rsquo;ils auront quitt\u00e9 la vie professionnelle.\n<\/p>\n<p>    D\u00e9couvrez le kiosque Tout sur mes finances<\/p>\n<p>\n            TSMF vous propose d&rsquo;en apprendre toujours plus sur vos finances personnelles\n        <\/p>\n<p class=\"c-infobox__body-content\">Cet article vous int\u00e9resse ? Ce sujet est trait\u00e9 parmi les nombreuses informations qui sont abord\u00e9es dans nos nombreux guides ToutSurMesFinances<\/p>\n","protected":false},"excerpt":{"rendered":"(Cr\u00e9dits: Adobe Stock) Vous vous inqui\u00e9tez pour vos vieux jours ? Vous n&rsquo;\u00eates pas le seul. Pr\u00e8s d&rsquo;un&hellip;\n","protected":false},"author":2,"featured_media":518534,"comment_status":"","ping_status":"","sticky":false,"template":"","format":"standard","meta":{"footnotes":""},"categories":[6],"tags":[400,398,408,35,405,33,34,1011,27,403,402,399,404,401,406,407],"class_list":{"0":"post-518533","1":"post","2":"type-post","3":"status-publish","4":"format-standard","5":"has-post-thumbnail","7":"category-economie","8":"tag-action-cac-40","9":"tag-bourse-de-paris","10":"tag-boursorama","11":"tag-business","12":"tag-cotations","13":"tag-economie","14":"tag-economy","15":"tag-fr","16":"tag-france","17":"tag-indices-devises","18":"tag-investir","19":"tag-investissement","20":"tag-marche-boursier","21":"tag-sicav","22":"tag-trackers","23":"tag-warrants"},"share_on_mastodon":{"url":"https:\/\/pubeurope.com\/@fr\/115509159761816007","error":""},"_links":{"self":[{"href":"https:\/\/www.europesays.com\/fr\/wp-json\/wp\/v2\/posts\/518533","targetHints":{"allow":["GET"]}}],"collection":[{"href":"https:\/\/www.europesays.com\/fr\/wp-json\/wp\/v2\/posts"}],"about":[{"href":"https:\/\/www.europesays.com\/fr\/wp-json\/wp\/v2\/types\/post"}],"author":[{"embeddable":true,"href":"https:\/\/www.europesays.com\/fr\/wp-json\/wp\/v2\/users\/2"}],"replies":[{"embeddable":true,"href":"https:\/\/www.europesays.com\/fr\/wp-json\/wp\/v2\/comments?post=518533"}],"version-history":[{"count":0,"href":"https:\/\/www.europesays.com\/fr\/wp-json\/wp\/v2\/posts\/518533\/revisions"}],"wp:featuredmedia":[{"embeddable":true,"href":"https:\/\/www.europesays.com\/fr\/wp-json\/wp\/v2\/media\/518534"}],"wp:attachment":[{"href":"https:\/\/www.europesays.com\/fr\/wp-json\/wp\/v2\/media?parent=518533"}],"wp:term":[{"taxonomy":"category","embeddable":true,"href":"https:\/\/www.europesays.com\/fr\/wp-json\/wp\/v2\/categories?post=518533"},{"taxonomy":"post_tag","embeddable":true,"href":"https:\/\/www.europesays.com\/fr\/wp-json\/wp\/v2\/tags?post=518533"}],"curies":[{"name":"wp","href":"https:\/\/api.w.org\/{rel}","templated":true}]}}