{"id":518537,"date":"2025-11-07T15:38:17","date_gmt":"2025-11-07T15:38:17","guid":{"rendered":"https:\/\/www.europesays.com\/fr\/518537\/"},"modified":"2025-11-07T15:38:17","modified_gmt":"2025-11-07T15:38:17","slug":"trente-ans-de-reclusion-requis-contre-lassaillant","status":"publish","type":"post","link":"https:\/\/www.europesays.com\/fr\/518537\/","title":{"rendered":"trente ans de r\u00e9clusion requis contre l&rsquo;assaillant"},"content":{"rendered":"<p>\n    Le parquet antiterroriste a retenu une \u00abalt\u00e9ration\u00bb de son discernement, tout en soulignant sa radicalisation id\u00e9ologique et la coh\u00e9rence de son passage \u00e0 l\u2019acte. L\u2019attaque avait fait deux morts et cinq bless\u00e9s en 2020.<\/p>\n<p class=\"fig-paragraph\">Trente ans de r\u00e9clusion criminelle, avec vingt-cinq ans de s\u00fbret\u00e9, ont \u00e9t\u00e9 requis vendredi contre Abdallah Osman Ahmed, un r\u00e9fugi\u00e9 soudanais souffrant de troubles psychiatriques, plus de cinq ans apr\u00e8s une<a href=\"https:\/\/video.lefigaro.fr\/figaro\/actualite-france\/attaque-a-romans-sur-isere-il-a-pris-un-couteau-de-boucherie-et-a-poignarde-un-client-20200404\" data-fig-type=\"Video\" data-gtm-custom-categorie=\"navigation\" data-gtm-custom-action=\"crossclick\" data-gtm-custom-label=\"Contextuel\" data-gtm-event=\"customEventSPE\" data-fig-domain=\"LEFIGARO\" rel=\"nofollow noopener\" target=\"_blank\">\u00a0attaque au couteau<\/a>\u00a0qui avait fait deux morts et cinq bless\u00e9s \u00e0 Romans-sur-Is\u00e8re (Dr\u00f4me).<\/p>\n<p class=\"fig-paragraph\">\u00abIl est sans conteste possible d&rsquo;\u00eatre \u00e0 la fois terroriste et d\u00e9lirant\u00bb, ont consid\u00e9r\u00e9 les deux repr\u00e9sentants du parquet national antiterroriste qui, \u00e0 l&rsquo;unisson de deux experts psychiatriques, ont retenu la seule \u00abalt\u00e9ration\u00bb du discernement de l&rsquo;accus\u00e9.<\/p>\n<p>                                    <a class=\"fig-a11y-skip a11y-hidden\" href=\"#fig-a11y-skip-main-inarticle\"><br \/>\n        Passer la publicit\u00e9<br \/>\n    <\/a><\/p>\n<p class=\"fig-paragraph\">Lors des d\u00e9bats devant la cour d&rsquo;assises sp\u00e9cialement constitu\u00e9e &#8211; c&rsquo;est-\u00e0-dire sans jur\u00e9s populaires, la r\u00e8gle en mati\u00e8re terroriste &#8211; , un troisi\u00e8me expert avait au contraire diagnostiqu\u00e9 une \u00ababolition\u00bb, soit l&rsquo;irresponsabilit\u00e9 p\u00e9nale.<\/p>\n<p>\u00abIl y a ceux qui se souviennent et celui qui a oubli\u00e9\u00bb<\/p>\n<p class=\"fig-paragraph\">Au terme de\u00a0<a href=\"https:\/\/www.lefigaro.fr\/actualite-france\/attentat-islamiste-a-romans-sur-isere-le-terroriste-sera-juge-20230727\" data-fig-type=\"Article\" data-gtm-custom-categorie=\"navigation\" data-gtm-custom-action=\"crossclick\" data-gtm-custom-label=\"Contextuel\" data-gtm-event=\"customEventSPE\" data-fig-domain=\"LEFIGARO\" rel=\"nofollow noopener\" target=\"_blank\">dix jours d&rsquo;audience<\/a>, \u00abil y a ceux qui se souviennent et celui qui a oubli\u00e9\u00bb, a not\u00e9 le premier des deux repr\u00e9sentants de l&rsquo;accusation, mani\u00e8re de mettre l&rsquo;accus\u00e9, qui n&rsquo;a cess\u00e9 de se pr\u00e9valoir d&rsquo;une amn\u00e9sie de ce qu&rsquo;il a pu faire, face \u00e0 ses victimes.<\/p>\n<p class=\"fig-paragraph\">Dans la matin\u00e9e du 4 avril 2020, l&rsquo;assaillant avait tu\u00e9 \u00e0 l&rsquo;arme blanche Thierry N., client d&rsquo;une boucherie \u00e2g\u00e9 de 54 ans, et Julien V., un commer\u00e7ant de 43 ans. Il avait \u00e9galement bless\u00e9 cinq personnes dans le centre de Romans-sur-Is\u00e8re.<\/p>\n<p class=\"fig-paragraph\">Selon les t\u00e9moins de l&rsquo;attaque, il avait agi sans prononcer \u00abla moindre parole\u00bb, \u00able regard vide\u00bb et avait \u00abl&rsquo;air hypnotis\u00e9\u00bb et \u00abposs\u00e9d\u00e9\u00bb, restant \u00abtr\u00e8s calme\u00bb. Des fichiers et des images de propagande en lien avec l&rsquo;id\u00e9ologie jihadiste avaient notamment \u00e9t\u00e9 retrouv\u00e9s dans son t\u00e9l\u00e9phone portable.<\/p>\n<p>\u00abIl est fondamentalement radical\u00bb<\/p>\n<p class=\"fig-paragraph\">Lors de l&rsquo;instruction comme pendant les d\u00e9bats,\u00a0<a href=\"http:\/\/www.lefigaro.fr\/actualite-france\/le-parquet-antiterroriste-requiert-un-proces-contre-abdallah-osman-ahmed-qui-avait-tue-deux-hommes-en-2020-a-romans-sur-isere-20240111\" data-fig-type=\"NewsFlash\" data-gtm-custom-categorie=\"navigation\" data-gtm-custom-action=\"crossclick\" data-gtm-custom-label=\"Contextuel\" data-gtm-event=\"customEventSPE\" data-fig-domain=\"LEFIGARO\" rel=\"nofollow noopener\" target=\"_blank\">Abdallah Osman Ahmed<\/a>\u00a0avait indiqu\u00e9 ne pas avoir conserv\u00e9 de souvenirs du d\u00e9roul\u00e9 des faits. Il a \u00e9voqu\u00e9 avoir agi en r\u00e9ponse \u00e0 \u00abdes voix qui lui enjoignaient de se d\u00e9livrer\u00bb.<\/p>\n<p>                                    <a class=\"fig-a11y-skip a11y-hidden\" href=\"#fig-a11y-skip-main-inarticle_mtf\"><br \/>\n        Passer la publicit\u00e9<br \/>\n    <\/a><\/p>\n<p class=\"fig-paragraph\">\u00abCe dossier ne se r\u00e9sume pas \u00e0 l&rsquo;\u00e9tude et \u00e0 l&rsquo;appr\u00e9ciation des \u00e9l\u00e9ments contemporains du passage \u00e0 l&rsquo;acte\u00bb, a consid\u00e9r\u00e9 l&rsquo;avocat g\u00e9n\u00e9ral, voyant \u00abun continuum id\u00e9ologique\u00bb, notamment \u00abde son ressentiment contre la France\u00bb. \u00abIl a fait preuve de coh\u00e9rence, de rationalit\u00e9, de logique\u00bb, a abond\u00e9 sa coll\u00e8gue du parquet antiterroriste, estimant qu&rsquo;\u00abil ne s&rsquo;est pas radicalis\u00e9, il n&rsquo;en a pas besoin, car il est fondamentalement radical\u00bb.<\/p>\n<p class=\"fig-paragraph\">Dipl\u00f4m\u00e9 en droit et cultivateur, Abdallah Osman Ahmed avait quitt\u00e9 son pays pour raisons \u00e9conomiques et obtenu en France le statut de r\u00e9fugi\u00e9 le 29 juin 2017. Il n&rsquo;\u00e9tait n\u00e9anmoins pas connu pour appartenir \u00e0 une organisation terroriste.<\/p>\n","protected":false},"excerpt":{"rendered":"Le parquet antiterroriste a retenu une \u00abalt\u00e9ration\u00bb de son discernement, tout en soulignant sa radicalisation id\u00e9ologique et la&hellip;\n","protected":false},"author":2,"featured_media":518538,"comment_status":"","ping_status":"","sticky":false,"template":"","format":"standard","meta":{"footnotes":""},"categories":[4],"tags":[11,14118,1011,27,12,2694,25,2736],"class_list":{"0":"post-518537","1":"post","2":"type-post","3":"status-publish","4":"format-standard","5":"has-post-thumbnail","7":"category-france","8":"tag-actualites","9":"tag-attaque-au-couteau","10":"tag-fr","11":"tag-france","12":"tag-news","13":"tag-proces","14":"tag-republique-francaise","15":"tag-romans-sur-isere"},"share_on_mastodon":{"url":"https:\/\/pubeurope.com\/@fr\/115509166285860485","error":""},"_links":{"self":[{"href":"https:\/\/www.europesays.com\/fr\/wp-json\/wp\/v2\/posts\/518537","targetHints":{"allow":["GET"]}}],"collection":[{"href":"https:\/\/www.europesays.com\/fr\/wp-json\/wp\/v2\/posts"}],"about":[{"href":"https:\/\/www.europesays.com\/fr\/wp-json\/wp\/v2\/types\/post"}],"author":[{"embeddable":true,"href":"https:\/\/www.europesays.com\/fr\/wp-json\/wp\/v2\/users\/2"}],"replies":[{"embeddable":true,"href":"https:\/\/www.europesays.com\/fr\/wp-json\/wp\/v2\/comments?post=518537"}],"version-history":[{"count":0,"href":"https:\/\/www.europesays.com\/fr\/wp-json\/wp\/v2\/posts\/518537\/revisions"}],"wp:featuredmedia":[{"embeddable":true,"href":"https:\/\/www.europesays.com\/fr\/wp-json\/wp\/v2\/media\/518538"}],"wp:attachment":[{"href":"https:\/\/www.europesays.com\/fr\/wp-json\/wp\/v2\/media?parent=518537"}],"wp:term":[{"taxonomy":"category","embeddable":true,"href":"https:\/\/www.europesays.com\/fr\/wp-json\/wp\/v2\/categories?post=518537"},{"taxonomy":"post_tag","embeddable":true,"href":"https:\/\/www.europesays.com\/fr\/wp-json\/wp\/v2\/tags?post=518537"}],"curies":[{"name":"wp","href":"https:\/\/api.w.org\/{rel}","templated":true}]}}