{"id":518544,"date":"2025-11-07T15:44:50","date_gmt":"2025-11-07T15:44:50","guid":{"rendered":"https:\/\/www.europesays.com\/fr\/518544\/"},"modified":"2025-11-07T15:44:50","modified_gmt":"2025-11-07T15:44:50","slug":"grand-nancy-le-plan-local-durbanisme-fixe-les-grandes-orientations-damenagement-jusquen-2040","status":"publish","type":"post","link":"https:\/\/www.europesays.com\/fr\/518544\/","title":{"rendered":"Grand Nancy. Le Plan local d\u2019urbanisme fixe les grandes orientations d\u2019am\u00e9nagement jusqu\u2019en 2040"},"content":{"rendered":"<p>Dix ans de r\u00e9flexion, 52 r\u00e9unions publiques, plus de 200 r\u00e9unions de travail avec les communes\u00a0; le tout couronn\u00e9 par une enqu\u00eate publique\u00a0: le PLUi-HD, autrement dit le Plan local d\u2019urbanisme intercommunal habitat d\u00e9placements, a \u00e9t\u00e9 soumis, ce jeudi, au vote des \u00e9lus communautaires.<\/p>\n<p>\u00ab\u00a0L\u2019acte politique m\u00e9tropolitain le plus important de tout ce mandat\u00a0\u00bb, a indiqu\u00e9 Mathieu Klein, pr\u00e9sident de la m\u00e9tropole du Grand Nancy. \u00ab\u00a0Une vision du futur de notre territoire\u00a0\u00bb, a rench\u00e9ri Vincent Matheron, vice pr\u00e9sident d\u00e9l\u00e9gu\u00e9 au d\u00e9veloppement urbain, aux ressources humaines et financi\u00e8res, au logement et&#8230;<\/p>\n","protected":false},"excerpt":{"rendered":"Dix ans de r\u00e9flexion, 52 r\u00e9unions publiques, plus de 200 r\u00e9unions de travail avec les communes\u00a0; le tout&hellip;\n","protected":false},"author":2,"featured_media":518545,"comment_status":"","ping_status":"","sticky":false,"template":"","format":"standard","meta":{"footnotes":""},"categories":[9635],"tags":[1111,11,1704,1777,674,1011,27,775,1702,1703,12,316,25],"class_list":{"0":"post-518544","1":"post","2":"type-post","3":"status-publish","4":"format-standard","5":"has-post-thumbnail","7":"category-nancy","8":"tag-actu","9":"tag-actualites","10":"tag-edition-nancy-et-agglomeration","11":"tag-eu","12":"tag-europe","13":"tag-fr","14":"tag-france","15":"tag-grand-est","16":"tag-nancy","17":"tag-nancy-ville-54b","18":"tag-news","19":"tag-politique","20":"tag-republique-francaise"},"share_on_mastodon":{"url":"https:\/\/pubeurope.com\/@fr\/115509193823919185","error":""},"_links":{"self":[{"href":"https:\/\/www.europesays.com\/fr\/wp-json\/wp\/v2\/posts\/518544","targetHints":{"allow":["GET"]}}],"collection":[{"href":"https:\/\/www.europesays.com\/fr\/wp-json\/wp\/v2\/posts"}],"about":[{"href":"https:\/\/www.europesays.com\/fr\/wp-json\/wp\/v2\/types\/post"}],"author":[{"embeddable":true,"href":"https:\/\/www.europesays.com\/fr\/wp-json\/wp\/v2\/users\/2"}],"replies":[{"embeddable":true,"href":"https:\/\/www.europesays.com\/fr\/wp-json\/wp\/v2\/comments?post=518544"}],"version-history":[{"count":0,"href":"https:\/\/www.europesays.com\/fr\/wp-json\/wp\/v2\/posts\/518544\/revisions"}],"wp:featuredmedia":[{"embeddable":true,"href":"https:\/\/www.europesays.com\/fr\/wp-json\/wp\/v2\/media\/518545"}],"wp:attachment":[{"href":"https:\/\/www.europesays.com\/fr\/wp-json\/wp\/v2\/media?parent=518544"}],"wp:term":[{"taxonomy":"category","embeddable":true,"href":"https:\/\/www.europesays.com\/fr\/wp-json\/wp\/v2\/categories?post=518544"},{"taxonomy":"post_tag","embeddable":true,"href":"https:\/\/www.europesays.com\/fr\/wp-json\/wp\/v2\/tags?post=518544"}],"curies":[{"name":"wp","href":"https:\/\/api.w.org\/{rel}","templated":true}]}}