{"id":518546,"date":"2025-11-07T15:48:26","date_gmt":"2025-11-07T15:48:26","guid":{"rendered":"https:\/\/www.europesays.com\/fr\/518546\/"},"modified":"2025-11-07T15:48:26","modified_gmt":"2025-11-07T15:48:26","slug":"vote-les-supporters-de-las-nancy-lorraine-optimistes-avant-la-reception-de-laval","status":"publish","type":"post","link":"https:\/\/www.europesays.com\/fr\/518546\/","title":{"rendered":"Vote. Les supporters de l&rsquo;AS Nancy-Lorraine optimistes avant la r\u00e9ception de Laval"},"content":{"rendered":"<p>La r\u00e9ception de Laval, avant-dernier du classement, incite plut\u00f4t les supporters nanc\u00e9iens \u00e0 l&rsquo;optimisme, si l&rsquo;on se fie \u00e0 <a href=\"https:\/\/www.estrepublicain.fr\/sport\/2025\/11\/06\/as-nancy-lorraine-laval-quel-est-votre-pronostic\" target=\"_blank\" rel=\"noopener\">notre traditionnel sondage d&rsquo;avant-match<\/a>.<\/p>\n<p>Sur pr\u00e8s de 700 votants (689 exactement), 35 % voient une victoire de l&rsquo;ASNL ce vendredi soir par un but d&rsquo;\u00e9cart, alors que 32 % sont encore plus confiants et pr\u00e9disent un succ\u00e8s par deux r\u00e9alisations ou plus.<\/p>\n<p>Le match nul et une d\u00e9faite de l&rsquo;ASNL ont recueilli\u00a0autant de suffrages \u00a0: 16 % (11 % des personnes ayant r\u00e9pondu imaginent une d\u00e9faite par un but d&rsquo;\u00e9cart, 5 % par plus d&rsquo;un).<\/p>\n","protected":false},"excerpt":{"rendered":"La r\u00e9ception de Laval, avant-dernier du classement, incite plut\u00f4t les supporters nanc\u00e9iens \u00e0 l&rsquo;optimisme, si l&rsquo;on se fie&hellip;\n","protected":false},"author":2,"featured_media":518547,"comment_status":"","ping_status":"","sticky":false,"template":"","format":"standard","meta":{"footnotes":""},"categories":[9635],"tags":[1111,11,3703,1707,1704,1706,1777,674,107,1701,1011,27,775,1702,12,25,1700,10606],"class_list":{"0":"post-518546","1":"post","2":"type-post","3":"status-publish","4":"format-standard","5":"has-post-thumbnail","7":"category-nancy","8":"tag-actu","9":"tag-actualites","10":"tag-asnl","11":"tag-edition-luneville","12":"tag-edition-nancy-et-agglomeration","13":"tag-edition-pont-a-mousson","14":"tag-eu","15":"tag-europe","16":"tag-fil-info","17":"tag-fil-info-sport","18":"tag-fr","19":"tag-france","20":"tag-grand-est","21":"tag-nancy","22":"tag-news","23":"tag-republique-francaise","24":"tag-sport-lorrain","25":"tag-vote-sport-lorrain"},"share_on_mastodon":{"url":"https:\/\/pubeurope.com\/@fr\/115509205696006794","error":""},"_links":{"self":[{"href":"https:\/\/www.europesays.com\/fr\/wp-json\/wp\/v2\/posts\/518546","targetHints":{"allow":["GET"]}}],"collection":[{"href":"https:\/\/www.europesays.com\/fr\/wp-json\/wp\/v2\/posts"}],"about":[{"href":"https:\/\/www.europesays.com\/fr\/wp-json\/wp\/v2\/types\/post"}],"author":[{"embeddable":true,"href":"https:\/\/www.europesays.com\/fr\/wp-json\/wp\/v2\/users\/2"}],"replies":[{"embeddable":true,"href":"https:\/\/www.europesays.com\/fr\/wp-json\/wp\/v2\/comments?post=518546"}],"version-history":[{"count":0,"href":"https:\/\/www.europesays.com\/fr\/wp-json\/wp\/v2\/posts\/518546\/revisions"}],"wp:featuredmedia":[{"embeddable":true,"href":"https:\/\/www.europesays.com\/fr\/wp-json\/wp\/v2\/media\/518547"}],"wp:attachment":[{"href":"https:\/\/www.europesays.com\/fr\/wp-json\/wp\/v2\/media?parent=518546"}],"wp:term":[{"taxonomy":"category","embeddable":true,"href":"https:\/\/www.europesays.com\/fr\/wp-json\/wp\/v2\/categories?post=518546"},{"taxonomy":"post_tag","embeddable":true,"href":"https:\/\/www.europesays.com\/fr\/wp-json\/wp\/v2\/tags?post=518546"}],"curies":[{"name":"wp","href":"https:\/\/api.w.org\/{rel}","templated":true}]}}