{"id":518559,"date":"2025-11-07T15:55:09","date_gmt":"2025-11-07T15:55:09","guid":{"rendered":"https:\/\/www.europesays.com\/fr\/518559\/"},"modified":"2025-11-07T15:55:09","modified_gmt":"2025-11-07T15:55:09","slug":"grenoble-cetait-quoi-ce-vaste-controle-de-la-police-sur-cette-artere-tres-frequentee","status":"publish","type":"post","link":"https:\/\/www.europesays.com\/fr\/518559\/","title":{"rendered":"Grenoble. C&rsquo;\u00e9tait quoi ce vaste contr\u00f4le de la police sur cette art\u00e8re tr\u00e8s fr\u00e9quent\u00e9e"},"content":{"rendered":"<p>            Par<br \/>\n        <strong><br \/>\n            <a href=\"https:\/\/actu.fr\/auteur\/julien-sournies\" title=\"Consulter tous les articles de Julien Sournies\" rel=\"nofollow noopener\" target=\"_blank\">Julien Sournies<\/a><br \/>\n        <\/strong><\/p>\n<p>        Publi\u00e9 le<\/p>\n<p>            7 nov. 2025 \u00e0 16h12        <\/p>\n<p>Ils sont de plus en plus scrut\u00e9s par les forces de l\u2019ordre. Alors que les accidents impliquant des utilisateurs de trottinettes \u00e9lectriques ne cessent de cro\u00eetre au fil des ann\u00e9es, les autorit\u00e9s prennent cette probl\u00e9matique \u00e0 bras-le-corps, augmentant les op\u00e9rations de contr\u00f4le \u00e0 leur \u00e9gard.<\/p>\n<p class=\" wall-content\">Ce mardi 4 novembre 2025, des effectifs de la police municipale et nationale de <a href=\"https:\/\/actu.fr\/grenoble\/\" rel=\"nofollow noopener\" target=\"_blank\">Grenoble<\/a> (<a href=\"https:\/\/actu.fr\/auvergne-rhone-alpes\/isere_38\" rel=\"nofollow noopener\" target=\"_blank\">Is\u00e8re<\/a>), accompagn\u00e9s du maire <strong>Eric Piolle<\/strong>, se sont post\u00e9s au croisement du boulevard Gambetta et du cours Lafontaine <strong>pour sensibiliser et faire respecter le code de la route \u00e0 l\u2019ensemble usagers<\/strong>.<\/p>\n<p>14 verbalisations<\/p>\n<p class=\" wall-content\">Si les forces de l\u2019ordre ont particuli\u00e8rement cibl\u00e9 les trottinettes \u00e9lectriques mardi, c\u2019est \u00ab\u00a0en raison de leur <strong>vitesse d\u00e9brid\u00e9e<\/strong>, alors m\u00eame que la r\u00e9glementation limite leur vitesse maximale \u00e0 25 km\/h\u00a0\u00bb, indique la municipalit\u00e9 grenobloise.\u00a0<\/p>\n<p class=\" wall-content\">Au-del\u00e0 d\u2019une vitesse parfois excessive, le<strong> port d\u2019\u00e9couteurs ou de casques audio<\/strong> sont par ailleurs \u00ab\u00a0trop souvent \u00e0 l\u2019origine d\u2019accidents\u00a0\u00bb. Pour m\u00e9moire, il s\u2019agit d\u2019une pratique strictement interdite et passible d\u2019une amende de 135 euros.<\/p>\n<blockquote class=\"ac-article-quote wall-content\">\n<p>Les agents de police ont \u00e9galement v\u00e9rifi\u00e9 la pr\u00e9sence d\u2019une assurance obligatoire pour tout d\u00e9tenteur d\u2019un engin de d\u00e9placement personnel motoris\u00e9. En cas de non-conformit\u00e9, le v\u00e9hicule peut \u00eatre saisi et plac\u00e9 en fourri\u00e8re.<\/p>\n<p>    <strong>Ville de Grenoble<\/strong>\n            <\/p><\/blockquote>\n<p class=\" wall-content\">Ainsi, au cours de cette vaste op\u00e9ration de contr\u00f4le, pas moins de <strong>14 verbalisations<\/strong> ont \u00e9t\u00e9 dress\u00e9es.<\/p>\n<p>D\u2019autres contr\u00f4les \u00e0 venir<\/p>\n<p class=\" wall-content\">La municipalit\u00e9 rappelle \u00e9galement que plusieurs fois par mois, des op\u00e9rations similaires sont r\u00e9alis\u00e9es un peu partout dans l\u2019agglom\u00e9ration grenobloise.<\/p>\n<p>Votre r\u00e9gion, votre actu !<\/p>\n<p>Recevez chaque jour les infos qui comptent pour vous.<\/p>\n<p>\t<a href=\"https:\/\/actu.fr\/newsletter\" class=\"ac-btn ac-btn--corner ac-btn--medium ac-btn--blue800\" rel=\"nofollow noopener\" target=\"_blank\">S&rsquo;incrire<\/a><\/p>\n<p class=\" wall-content\">\u00c0 noter que depuis le d\u00e9but de l\u2019ann\u00e9e 2025, <strong>plus de 100 verbalisations<\/strong> ont concern\u00e9 les usagers d\u2019engins de d\u00e9placement personnel motoris\u00e9s, principalement des trottinettes \u00e9lectriques.<\/p>\n<p class=\" wall-content\">Personnalisez votre actualit\u00e9 en ajoutant vos villes et m\u00e9dias en favori avec <a href=\"https:\/\/moncompte.actu.fr\" title=\"D\u00e9couvez Mon Actu\" rel=\"nofollow noopener\" data-trk=\"{&quot;cta&quot;:{&quot;action&quot;:&quot;https:\\\/\\\/moncompte.actu.fr&quot;,&quot;category&quot;:&quot;mon compte&quot;,&quot;from&quot;:&quot;article footer&quot;,&quot;name&quot;:&quot;Mon actu&quot;,&quot;type&quot;:&quot;cta&quot;}}\" target=\"_blank\">Mon Actu<\/a>.<\/p>\n","protected":false},"excerpt":{"rendered":"Par Julien Sournies Publi\u00e9 le 7 nov. 2025 \u00e0 16h12 Ils sont de plus en plus scrut\u00e9s par&hellip;\n","protected":false},"author":2,"featured_media":518560,"comment_status":"","ping_status":"","sticky":false,"template":"","format":"standard","meta":{"footnotes":""},"categories":[9566],"tags":[1111,11,2430,1777,674,1011,27,2731,12,1072,25,104,6960],"class_list":{"0":"post-518559","1":"post","2":"type-post","3":"status-publish","4":"format-standard","5":"has-post-thumbnail","7":"category-grenoble","8":"tag-actu","9":"tag-actualites","10":"tag-auvergne-rhone-alpes","11":"tag-eu","12":"tag-europe","13":"tag-fr","14":"tag-france","15":"tag-grenoble","16":"tag-news","17":"tag-police","18":"tag-republique-francaise","19":"tag-societe","20":"tag-trottinette-electrique"},"share_on_mastodon":{"url":"https:\/\/pubeurope.com\/@fr\/115509233272057188","error":""},"_links":{"self":[{"href":"https:\/\/www.europesays.com\/fr\/wp-json\/wp\/v2\/posts\/518559","targetHints":{"allow":["GET"]}}],"collection":[{"href":"https:\/\/www.europesays.com\/fr\/wp-json\/wp\/v2\/posts"}],"about":[{"href":"https:\/\/www.europesays.com\/fr\/wp-json\/wp\/v2\/types\/post"}],"author":[{"embeddable":true,"href":"https:\/\/www.europesays.com\/fr\/wp-json\/wp\/v2\/users\/2"}],"replies":[{"embeddable":true,"href":"https:\/\/www.europesays.com\/fr\/wp-json\/wp\/v2\/comments?post=518559"}],"version-history":[{"count":0,"href":"https:\/\/www.europesays.com\/fr\/wp-json\/wp\/v2\/posts\/518559\/revisions"}],"wp:featuredmedia":[{"embeddable":true,"href":"https:\/\/www.europesays.com\/fr\/wp-json\/wp\/v2\/media\/518560"}],"wp:attachment":[{"href":"https:\/\/www.europesays.com\/fr\/wp-json\/wp\/v2\/media?parent=518559"}],"wp:term":[{"taxonomy":"category","embeddable":true,"href":"https:\/\/www.europesays.com\/fr\/wp-json\/wp\/v2\/categories?post=518559"},{"taxonomy":"post_tag","embeddable":true,"href":"https:\/\/www.europesays.com\/fr\/wp-json\/wp\/v2\/tags?post=518559"}],"curies":[{"name":"wp","href":"https:\/\/api.w.org\/{rel}","templated":true}]}}