{"id":518561,"date":"2025-11-07T15:56:13","date_gmt":"2025-11-07T15:56:13","guid":{"rendered":"https:\/\/www.europesays.com\/fr\/518561\/"},"modified":"2025-11-07T15:56:13","modified_gmt":"2025-11-07T15:56:13","slug":"voici-la-date-douverture-officielle-du-magasin","status":"publish","type":"post","link":"https:\/\/www.europesays.com\/fr\/518561\/","title":{"rendered":"voici la date d&rsquo;ouverture officielle du magasin"},"content":{"rendered":"<p>            Par<br \/>\n        <strong><br \/>\n            <a href=\"https:\/\/actu.fr\/auteur\/julien-sournies\" title=\"Consulter tous les articles de Julien Sournies\" target=\"_blank\" rel=\"noopener\">Julien Sournies<\/a><br \/>\n        <\/strong><\/p>\n<p>        Publi\u00e9 le<\/p>\n<p>            7 nov. 2025 \u00e0 16h31        <\/p>\n<p><strong>INFO ACTU GRENOBLE<\/strong>. L\u2019arriv\u00e9e de <strong>Shein<\/strong> \u00e0 <a href=\"https:\/\/actu.fr\/grenoble\/\" target=\"_blank\" rel=\"noopener\">Grenoble<\/a> (<a href=\"https:\/\/actu.fr\/auvergne-rhone-alpes\/isere_38\" target=\"_blank\" rel=\"noopener\">Is\u00e8re<\/a>) se pr\u00e9cise. Apr\u00e8s l\u2019ouverture de son premier point de vente physique au BHV Marais de Paris le 5 novembre, laquelle <a href=\"https:\/\/actu.fr\/ile-de-france\/paris_75056\/choix-reduit-prix-eleves-grosse-deception-des-clients-apres-l-ouverture-de-shein-au-bhv-a-paris_63397941.html\" target=\"_blank\" rel=\"noopener\">a r\u00e9colt\u00e9 son lot de d\u00e9ceptions de la part de plusieurs clients<\/a>, l\u2019enseigne chinoise ouvrira bien ses portes au sein des Galeries Lafayette grenobloises (futur BHV), malgr\u00e9 <a href=\"https:\/\/actu.fr\/auvergne-rhone-alpes\/grenoble_38185\/grenoble-shein-aux-galeries-lafayette-eric-piolle-demande-la-suspension-de-son-arrivee_63405730.html\" target=\"_blank\" rel=\"noopener\">la demande de suspension formul\u00e9e par \u00c9ric Piolle<\/a>. <br \/>Voici tout ce qu\u2019il faut savoir autour de son ouverture dans la capitale des Alpes.<\/p>\n<p>Une ouverture pr\u00e9vue le 21 novembre<\/p>\n<p class=\" wall-content\">Selon nos informations, la c\u00e9l\u00e8bre marque de fast fashion chinoise accueillera ses premiers clients \u00e0 partir du <strong>vendredi 21 novembre<\/strong> et non pas \u00e0 compter du 18 novembre. \u00ab\u00a0En raison d\u2019ajustement de derni\u00e8re minute, les dates d\u2019ouvertures sont souvent sensibles de changer\u00a0\u00bb, justifie la Soci\u00e9t\u00e9 des grands magasins (SGM), propri\u00e9taire des Galeries grenobloises, \u00e0 notre r\u00e9daction.<\/p>\n<p class=\" wall-content\">Comme r\u00e9v\u00e9l\u00e9 par actu Grenoble dans un <a href=\"https:\/\/actu.fr\/auvergne-rhone-alpes\/grenoble_38185\/grenoble-shein-arrive-aux-galeries-lafayette-on-en-sait-plus-sur-cet-enorme-projet_63361952.html\" target=\"_blank\" rel=\"noopener\">pr\u00e9c\u00e9dent article<\/a>, l\u2019espace de vente grenoblois se situera bien au troisi\u00e8me \u00e9tage des futures ex-Galeries Lafayette. Contrairement \u00e0 d\u2019autres marques pr\u00e9sentes dans le grand magasin, le g\u00e9ant chinois ne disposera pas d\u2019un \u00ab petit \u00bb corner : il occupera en effet<strong> 450 des 6 000 m2<\/strong> du b\u00e2timent de la place Grenette.<\/p>\n<p class=\" wall-content\">Pour faire fonctionner cette toute nouvelle boutique, une <strong>dizaine d\u2019employ\u00e9s<\/strong> a par ailleurs \u00e9t\u00e9 recrut\u00e9e, nous informe-t-on.<\/p>\n<p>Vers une forte affluence ?<\/p>\n<p class=\" wall-content\">Alors que l\u2019inauguration \u00e0 Paris a fait beaucoup de clients d\u00e9\u00e7us, la Soci\u00e9t\u00e9 des grands magasins esp\u00e8re attirer les foules \u00e0 Grenoble. \u00ab\u00a0Certes, \u00e7a n\u2019a pas plus \u00e0 certaines personnes, mais c\u2019est vraiment une <strong>minorit\u00e9<\/strong>. La majeure partie \u00e9tait contente\u00a0\u00bb, dit-on dans le groupe.<\/p>\n<p class=\" wall-content\">Si la Soci\u00e9t\u00e9 des grands magasins confirme l\u2019arriv\u00e9e du mastodonte asiatique, la lettre d\u2019\u00c9ric Piolle adress\u00e9e au pr\u00e9sident du groupe SGM, <a href=\"https:\/\/actu.fr\/ile-de-france\/paris_75056\/audacieux-menteur-pathologique-le-patron-du-bhv-frederic-merlin-rattrape-par-la-tempete-shein-a-paris_63382354.html\" target=\"_blank\" rel=\"noopener\">Fr\u00e9d\u00e9ric Merlin<\/a>, peut-elle finalement <strong>reporter<\/strong>, voire <strong>avorter<\/strong> son ouverture ?\u00a0<\/p>\n<p class=\" wall-content\">\u00ab Je vous demande de suspendre son arriv\u00e9e dans notre ville tant que ses dirigeants n\u2019auront pas apport\u00e9 \u00e0 nos parlementaires toutes les garanties n\u00e9cessaires quant au contr\u00f4le et \u00e0 la v\u00e9rification de la l\u00e9galit\u00e9 des produits propos\u00e9s \u00e0 la vente par votre partenaire \u00bb, a \u00e9crit l\u2019\u00e9dile \u00e9cologiste, ajoutant \u00ab\u00a0refuser d\u2019accueillir une enseigne qui foule aux pieds les valeurs de dignit\u00e9, d\u2019\u00e9thique et de durabilit\u00e9\u00a0\u00bb. \u00c0 cette question, la SGM n\u2019a pas fait de commentaire.<\/p>\n<p class=\" wall-content\">Personnalisez votre actualit\u00e9 en ajoutant vos villes et m\u00e9dias en favori avec <a href=\"https:\/\/moncompte.actu.fr\" title=\"D\u00e9couvez Mon Actu\" rel=\"nofollow noopener\" data-trk=\"{&quot;cta&quot;:{&quot;action&quot;:&quot;https:\\\/\\\/moncompte.actu.fr&quot;,&quot;category&quot;:&quot;mon compte&quot;,&quot;from&quot;:&quot;article footer&quot;,&quot;name&quot;:&quot;Mon actu&quot;,&quot;type&quot;:&quot;cta&quot;}}\" target=\"_blank\">Mon Actu<\/a>.<\/p>\n","protected":false},"excerpt":{"rendered":"Par Julien Sournies Publi\u00e9 le 7 nov. 2025 \u00e0 16h31 INFO ACTU GRENOBLE. L\u2019arriv\u00e9e de Shein \u00e0 Grenoble&hellip;\n","protected":false},"author":2,"featured_media":518562,"comment_status":"","ping_status":"","sticky":false,"template":"","format":"standard","meta":{"footnotes":""},"categories":[9566],"tags":[1111,11,2430,215,33,1777,674,1011,27,2731,12,3147,25],"class_list":{"0":"post-518561","1":"post","2":"type-post","3":"status-publish","4":"format-standard","5":"has-post-thumbnail","7":"category-grenoble","8":"tag-actu","9":"tag-actualites","10":"tag-auvergne-rhone-alpes","11":"tag-commerce","12":"tag-economie","13":"tag-eu","14":"tag-europe","15":"tag-fr","16":"tag-france","17":"tag-grenoble","18":"tag-news","19":"tag-nouveaux-commerces","20":"tag-republique-francaise"},"share_on_mastodon":{"url":"https:\/\/pubeurope.com\/@fr\/115509237090098690","error":""},"_links":{"self":[{"href":"https:\/\/www.europesays.com\/fr\/wp-json\/wp\/v2\/posts\/518561","targetHints":{"allow":["GET"]}}],"collection":[{"href":"https:\/\/www.europesays.com\/fr\/wp-json\/wp\/v2\/posts"}],"about":[{"href":"https:\/\/www.europesays.com\/fr\/wp-json\/wp\/v2\/types\/post"}],"author":[{"embeddable":true,"href":"https:\/\/www.europesays.com\/fr\/wp-json\/wp\/v2\/users\/2"}],"replies":[{"embeddable":true,"href":"https:\/\/www.europesays.com\/fr\/wp-json\/wp\/v2\/comments?post=518561"}],"version-history":[{"count":0,"href":"https:\/\/www.europesays.com\/fr\/wp-json\/wp\/v2\/posts\/518561\/revisions"}],"wp:featuredmedia":[{"embeddable":true,"href":"https:\/\/www.europesays.com\/fr\/wp-json\/wp\/v2\/media\/518562"}],"wp:attachment":[{"href":"https:\/\/www.europesays.com\/fr\/wp-json\/wp\/v2\/media?parent=518561"}],"wp:term":[{"taxonomy":"category","embeddable":true,"href":"https:\/\/www.europesays.com\/fr\/wp-json\/wp\/v2\/categories?post=518561"},{"taxonomy":"post_tag","embeddable":true,"href":"https:\/\/www.europesays.com\/fr\/wp-json\/wp\/v2\/tags?post=518561"}],"curies":[{"name":"wp","href":"https:\/\/api.w.org\/{rel}","templated":true}]}}