{"id":518563,"date":"2025-11-07T15:57:11","date_gmt":"2025-11-07T15:57:11","guid":{"rendered":"https:\/\/www.europesays.com\/fr\/518563\/"},"modified":"2025-11-07T15:57:11","modified_gmt":"2025-11-07T15:57:11","slug":"immobilier-le-groupe-rennais-lamotte-vend-lune-de-ses-activites","status":"publish","type":"post","link":"https:\/\/www.europesays.com\/fr\/518563\/","title":{"rendered":"Immobilier : le groupe rennais Lamotte vend l\u2019une de ses activit\u00e9s"},"content":{"rendered":"<p>Il l\u2019a annonc\u00e9 jeudi 6 novembre dans un communiqu\u00e9. Le groupe familial rennais Lamotte c\u00e8de sa filiale de ventes immobili\u00e8res et de gestion locative Lamotte gestion transaction (4,8 M\u20ac de chiffre d\u2019affaires en 2023) au groupe parisien Evoriel. Ce dernier est pr\u00e9sent en France avec 3 100 salari\u00e9s et 200 agences sous enseigne Lamy, Oralia ou encore Richardi\u00e8re. Le montant de la transaction n\u2019est pas d\u00e9voil\u00e9.<\/p>\n<p>En reprenant Lamotte gestion transaction, une activit\u00e9 lanc\u00e9e en 1999, Evoriel int\u00e8gre six nouvelles agences \u00e0 Saint-Malo, Brest, Rennes, Nantes, Vannes et La Rochelle. Elles emploient une soixantaine de salari\u00e9s et passeront prochainement sous enseigne Lamy.<\/p>\n<p>L\u2019op\u00e9ration doit permettre \u00e0 Lamotte, confront\u00e9 \u00e0 la crise du march\u00e9 de l\u2019immobilier, de se recentrer sur \u00ab ses m\u00e9tiers historiques \u00bb : promotion immobili\u00e8re, construction, am\u00e9nagement, et exploitation de r\u00e9sidences services s\u00e9niors, \u00e9tudiants et d\u2019espaces en flex office. Le groupe pr\u00e9sid\u00e9 Jean-Marc Trihan assure vouloir \u00ab poursuivre son d\u00e9veloppement \u00bb sur ces activit\u00e9s et, sans donner plus de d\u00e9tails, annonce la signature d\u2019un \u00ab partenariat strat\u00e9gique \u00bb avec Evoriel dans le domaine de la promotion immobili\u00e8re. Fond\u00e9 il y a 70 ans, le groupe Lamotte compte 790 salari\u00e9s pour un chiffre d\u2019affaires de 347,5 M\u20ac en 2024 et de 426,7 M\u20ac en 2023.<\/p>\n","protected":false},"excerpt":{"rendered":"Il l\u2019a annonc\u00e9 jeudi 6 novembre dans un communiqu\u00e9. Le groupe familial rennais Lamotte c\u00e8de sa filiale de&hellip;\n","protected":false},"author":2,"featured_media":518564,"comment_status":"","ping_status":"","sticky":false,"template":"","format":"standard","meta":{"footnotes":""},"categories":[2821],"tags":[1111,11,829,1777,674,1011,27,848,4555,12,584,25],"class_list":{"0":"post-518563","1":"post","2":"type-post","3":"status-publish","4":"format-standard","5":"has-post-thumbnail","7":"category-rennes","8":"tag-actu","9":"tag-actualites","10":"tag-bretagne","11":"tag-eu","12":"tag-europe","13":"tag-fr","14":"tag-france","15":"tag-ille-et-vilaine","16":"tag-local","17":"tag-news","18":"tag-rennes","19":"tag-republique-francaise"},"share_on_mastodon":{"url":"https:\/\/pubeurope.com\/@fr\/115509241082829629","error":""},"_links":{"self":[{"href":"https:\/\/www.europesays.com\/fr\/wp-json\/wp\/v2\/posts\/518563","targetHints":{"allow":["GET"]}}],"collection":[{"href":"https:\/\/www.europesays.com\/fr\/wp-json\/wp\/v2\/posts"}],"about":[{"href":"https:\/\/www.europesays.com\/fr\/wp-json\/wp\/v2\/types\/post"}],"author":[{"embeddable":true,"href":"https:\/\/www.europesays.com\/fr\/wp-json\/wp\/v2\/users\/2"}],"replies":[{"embeddable":true,"href":"https:\/\/www.europesays.com\/fr\/wp-json\/wp\/v2\/comments?post=518563"}],"version-history":[{"count":0,"href":"https:\/\/www.europesays.com\/fr\/wp-json\/wp\/v2\/posts\/518563\/revisions"}],"wp:featuredmedia":[{"embeddable":true,"href":"https:\/\/www.europesays.com\/fr\/wp-json\/wp\/v2\/media\/518564"}],"wp:attachment":[{"href":"https:\/\/www.europesays.com\/fr\/wp-json\/wp\/v2\/media?parent=518563"}],"wp:term":[{"taxonomy":"category","embeddable":true,"href":"https:\/\/www.europesays.com\/fr\/wp-json\/wp\/v2\/categories?post=518563"},{"taxonomy":"post_tag","embeddable":true,"href":"https:\/\/www.europesays.com\/fr\/wp-json\/wp\/v2\/tags?post=518563"}],"curies":[{"name":"wp","href":"https:\/\/api.w.org\/{rel}","templated":true}]}}