{"id":518573,"date":"2025-11-07T16:03:13","date_gmt":"2025-11-07T16:03:13","guid":{"rendered":"https:\/\/www.europesays.com\/fr\/518573\/"},"modified":"2025-11-07T16:03:13","modified_gmt":"2025-11-07T16:03:13","slug":"metz-nice-arrete-prefectoral-dencadrement-football-club-de-metz-infos-fc-metz-entrainements-fc-metz","status":"publish","type":"post","link":"https:\/\/www.europesays.com\/fr\/518573\/","title":{"rendered":"Metz &#8211; Nice, arr\u00eat\u00e9 pr\u00e9fectoral d&rsquo;encadrement | Football Club de Metz &#8211; Infos FC Metz &#8211; Entra\u00eenements FC Metz"},"content":{"rendered":"<p style=\"text-align: justify;\">Ce dimanche 9 novembre,\u00a0le FC Metz accueillera l&rsquo;OGC Nice\u00a0au Stade Saint-Symphorien, \u00e0 l&rsquo;occasion de la 12\u00e8me\u00a0journ\u00e9e de Ligue 1 McDonald&rsquo;s.\u00a0\u00c0\u00a0l&rsquo;occasion de cette rencontre, <strong><a href=\"https:\/\/www.fcmetz.com\/sites\/default\/files\/images\/ap_encadrement_et_perimetre_-_fc_metz_-_ogc_nice.pdf\" target=\"_blank\" rel=\"noopener\">le Pr\u00e9fet de Moselle a publi\u00e9 un arr\u00eat\u00e9 pr\u00e9fectoral d&rsquo;encadrement.<\/a><\/strong><\/p>\n<p style=\"text-align: justify;\">Ainsi, \u00ab du samedi 8 novembre 17h00 au dimanche 9 novembre\u00a023h59, il est interdit \u00e0 toute personne se pr\u00e9valant de la qualit\u00e9 de supporter de l&rsquo;OGC Nice, ou se comportant comme tel d&rsquo;acc\u00e9der au Stade Saint-Symphorien, et de circuler ou stationner sur la voie publique \u00e0 l&rsquo;int\u00e9rieur du p\u00e9rim\u00e8tre ainsi d\u00e9fini :<\/p>\n<ul>\n<li style=\"text-align: justify;\">sur\u00a0le\u00a0territoire\u00a0de\u00a0la\u00a0commune\u00a0de\u00a0Metz\u00a0:\u00a0Pont Amos, rue aux Ar\u00e8nes, avenue de l&rsquo;Amphith\u00e9\u00e2tre, passage de Planti\u00e8res, boulevard Maginot, boulevard Paixhans, pont des Grilles, boulevard du Pontiffroy, rue Sainte-Barbe, pont Ebl\u00e9, route de Woippy ;<\/li>\n<li style=\"text-align: justify;\">le long de la voie ferr\u00e9e de Longeville-I\u00e8s-Metz et de Montigny-I\u00e8s-Metz jusqu\u2019\u00e0 la gare de triage du Sablon \u00bb ;<\/li>\n<\/ul>\n<p style=\"text-align: justify;\"><strong>Ainsi,\u00a0il est donc interdit de venir au Stade Saint-Symphorien et\u00a0abords imm\u00e9diats avec des signes distinctifs \u00e0 l\u2019effigie de l&rsquo;OGC Nice\u00a0(maillot, \u00e9charpe, surv\u00eatement, casquette\u2026)<\/strong><\/p>\n<p style=\"text-align: justify;\">\u00ab La seule exception \u00e0 cette interdiction concerne les supporters effectuant le d\u00e9placement en bus et minibus\u00a0organis\u00e9 par le club de l&rsquo;OGC Nice, escort\u00e9s par les forces de s\u00e9curit\u00e9 int\u00e9rieure. \u00bb<\/p>\n","protected":false},"excerpt":{"rendered":"Ce dimanche 9 novembre,\u00a0le FC Metz accueillera l&rsquo;OGC Nice\u00a0au Stade Saint-Symphorien, \u00e0 l&rsquo;occasion de la 12\u00e8me\u00a0journ\u00e9e de Ligue&hellip;\n","protected":false},"author":2,"featured_media":518574,"comment_status":"","ping_status":"","sticky":false,"template":"","format":"standard","meta":{"footnotes":""},"categories":[2819],"tags":[1111,11,19298,1777,674,1011,27,19297,12,2401,882,25,19299],"class_list":{"0":"post-518573","1":"post","2":"type-post","3":"status-publish","4":"format-standard","5":"has-post-thumbnail","7":"category-nice","8":"tag-actu","9":"tag-actualites","10":"tag-entrainements-fc-metz","11":"tag-eu","12":"tag-europe","13":"tag-fr","14":"tag-france","15":"tag-infos-fc-metz","16":"tag-news","17":"tag-nice","18":"tag-provence-alpes-cote-dazur","19":"tag-republique-francaise","20":"tag-videos-fc-metz"},"share_on_mastodon":{"url":"https:\/\/pubeurope.com\/@fr\/115509264717910440","error":""},"_links":{"self":[{"href":"https:\/\/www.europesays.com\/fr\/wp-json\/wp\/v2\/posts\/518573","targetHints":{"allow":["GET"]}}],"collection":[{"href":"https:\/\/www.europesays.com\/fr\/wp-json\/wp\/v2\/posts"}],"about":[{"href":"https:\/\/www.europesays.com\/fr\/wp-json\/wp\/v2\/types\/post"}],"author":[{"embeddable":true,"href":"https:\/\/www.europesays.com\/fr\/wp-json\/wp\/v2\/users\/2"}],"replies":[{"embeddable":true,"href":"https:\/\/www.europesays.com\/fr\/wp-json\/wp\/v2\/comments?post=518573"}],"version-history":[{"count":0,"href":"https:\/\/www.europesays.com\/fr\/wp-json\/wp\/v2\/posts\/518573\/revisions"}],"wp:featuredmedia":[{"embeddable":true,"href":"https:\/\/www.europesays.com\/fr\/wp-json\/wp\/v2\/media\/518574"}],"wp:attachment":[{"href":"https:\/\/www.europesays.com\/fr\/wp-json\/wp\/v2\/media?parent=518573"}],"wp:term":[{"taxonomy":"category","embeddable":true,"href":"https:\/\/www.europesays.com\/fr\/wp-json\/wp\/v2\/categories?post=518573"},{"taxonomy":"post_tag","embeddable":true,"href":"https:\/\/www.europesays.com\/fr\/wp-json\/wp\/v2\/tags?post=518573"}],"curies":[{"name":"wp","href":"https:\/\/api.w.org\/{rel}","templated":true}]}}