{"id":518575,"date":"2025-11-07T16:04:20","date_gmt":"2025-11-07T16:04:20","guid":{"rendered":"https:\/\/www.europesays.com\/fr\/518575\/"},"modified":"2025-11-07T16:04:20","modified_gmt":"2025-11-07T16:04:20","slug":"la-collecte-des-dechets-de-nantes-metropole-decalee-en-raison-du-11-novembre-jour-ferie","status":"publish","type":"post","link":"https:\/\/www.europesays.com\/fr\/518575\/","title":{"rendered":"La collecte des d\u00e9chets de Nantes m\u00e9tropole d\u00e9cal\u00e9e en raison du 11\u00a0novembre, jour f\u00e9ri\u00e9"},"content":{"rendered":"<p>En raison du caract\u00e8re f\u00e9ri\u00e9 du mardi 11\u00a0novembre, il n\u2019y\u00a0aura pas de collecte des d\u00e9chets ce m\u00eame jour. Les d\u00e9ch\u00e8teries et \u00e9copoints seront ferm\u00e9s.\u00a0Le principe de rattrapage \u00e0 J +\u00a01\u00a0pour ce jour f\u00e9ri\u00e9 s\u2019applique et impacte toutes les collectes de la\u00a0semaine.<\/p>\n<p>Pour les personnes collect\u00e9es le mardi, le ramassage des d\u00e9chets aura donc lieu le mercredi 12\u00a0novembre. Le jeudi 13\u00a0novembre pour les personnes collect\u00e9es habituellement le mercredi\u00a0; le vendredi 14\u00a0novembre pour les personnes collect\u00e9es habituellement le jeudi et le\u00a0samedi 15\u00a0novembre pour les personnes collect\u00e9es habituellement le vendredi.<\/p>\n<p>Plus d\u2019informations sur <a href=\"https:\/\/metropole.nantes.fr\/mes-services-mon-quotidien\/le-ramassage-des-dechets\" target=\"_blank\" rel=\"noopener\">metropole.nantes.fr<\/a><\/p>\n<p>\u00a0<\/p>\n","protected":false},"excerpt":{"rendered":"En raison du caract\u00e8re f\u00e9ri\u00e9 du mardi 11\u00a0novembre, il n\u2019y\u00a0aura pas de collecte des d\u00e9chets ce m\u00eame jour.&hellip;\n","protected":false},"author":2,"featured_media":518576,"comment_status":"","ping_status":"","sticky":false,"template":"","format":"standard","meta":{"footnotes":""},"categories":[2818],"tags":[7560,1111,11,10957,34906,3008,1777,674,16830,1011,27,4432,2800,766,12,24649,2636,13637,25],"class_list":{"0":"post-518575","1":"post","2":"type-post","3":"status-publish","4":"format-standard","5":"has-post-thumbnail","7":"category-nantes","8":"tag-7560","9":"tag-actu","10":"tag-actualites","11":"tag-collecte","12":"tag-decalee","13":"tag-dechets","14":"tag-eu","15":"tag-europe","16":"tag-ferie","17":"tag-fr","18":"tag-france","19":"tag-jour","20":"tag-metropole","21":"tag-nantes","22":"tag-news","23":"tag-novembre","24":"tag-pays-de-la-loire","25":"tag-raison","26":"tag-republique-francaise"},"share_on_mastodon":{"url":"https:\/\/pubeurope.com\/@fr\/115509268545712807","error":""},"_links":{"self":[{"href":"https:\/\/www.europesays.com\/fr\/wp-json\/wp\/v2\/posts\/518575","targetHints":{"allow":["GET"]}}],"collection":[{"href":"https:\/\/www.europesays.com\/fr\/wp-json\/wp\/v2\/posts"}],"about":[{"href":"https:\/\/www.europesays.com\/fr\/wp-json\/wp\/v2\/types\/post"}],"author":[{"embeddable":true,"href":"https:\/\/www.europesays.com\/fr\/wp-json\/wp\/v2\/users\/2"}],"replies":[{"embeddable":true,"href":"https:\/\/www.europesays.com\/fr\/wp-json\/wp\/v2\/comments?post=518575"}],"version-history":[{"count":0,"href":"https:\/\/www.europesays.com\/fr\/wp-json\/wp\/v2\/posts\/518575\/revisions"}],"wp:featuredmedia":[{"embeddable":true,"href":"https:\/\/www.europesays.com\/fr\/wp-json\/wp\/v2\/media\/518576"}],"wp:attachment":[{"href":"https:\/\/www.europesays.com\/fr\/wp-json\/wp\/v2\/media?parent=518575"}],"wp:term":[{"taxonomy":"category","embeddable":true,"href":"https:\/\/www.europesays.com\/fr\/wp-json\/wp\/v2\/categories?post=518575"},{"taxonomy":"post_tag","embeddable":true,"href":"https:\/\/www.europesays.com\/fr\/wp-json\/wp\/v2\/tags?post=518575"}],"curies":[{"name":"wp","href":"https:\/\/api.w.org\/{rel}","templated":true}]}}