{"id":518577,"date":"2025-11-07T16:05:27","date_gmt":"2025-11-07T16:05:27","guid":{"rendered":"https:\/\/www.europesays.com\/fr\/518577\/"},"modified":"2025-11-07T16:05:27","modified_gmt":"2025-11-07T16:05:27","slug":"un-batiment-agricole-touche-par-un-incendie-au-nord-de-nantes","status":"publish","type":"post","link":"https:\/\/www.europesays.com\/fr\/518577\/","title":{"rendered":"Un b\u00e2timent agricole touch\u00e9 par un incendie au nord de Nantes"},"content":{"rendered":"<p>Les sapeurs-pompiers interviennent pour un incendie qui touche un b\u00e2timent agricole abritant 250\u00a0tonnes de fourrages et une quarantaine de bovins, indique le centre op\u00e9rationnel d\u00e9partemental d\u2019incendie et de secours (Codis 44).<\/p>\n<p>Des lignes \u00e0 haute tension impact\u00e9es<\/p>\n<p>Deux lignes \u00e0 haute tension sont impact\u00e9es par les fortes fum\u00e9es qui se d\u00e9gagent de l\u2019incendie. Vingt-trois pompiers sont sur place \u00e0 bord de cinq engins \u00a0dont une \u00e9chelle a\u00e9rienne\u00a0. Deux sp\u00e9cialistes\u00a0du risque animalier et deux v\u00e9hicules de commandement sont aussi mobilis\u00e9s.<\/p>\n<p>\u00a0<\/p>\n","protected":false},"excerpt":{"rendered":"Les sapeurs-pompiers interviennent pour un incendie qui touche un b\u00e2timent agricole abritant 250\u00a0tonnes de fourrages et une quarantaine&hellip;\n","protected":false},"author":2,"featured_media":518578,"comment_status":"","ping_status":"","sticky":false,"template":"","format":"standard","meta":{"footnotes":""},"categories":[2818],"tags":[1111,11,15092,4807,1777,674,1011,27,1310,766,12,1308,2636,25,6689,8066,9693],"class_list":{"0":"post-518577","1":"post","2":"type-post","3":"status-publish","4":"format-standard","5":"has-post-thumbnail","7":"category-nantes","8":"tag-actu","9":"tag-actualites","10":"tag-agricole","11":"tag-batiment","12":"tag-eu","13":"tag-europe","14":"tag-fr","15":"tag-france","16":"tag-incendie","17":"tag-nantes","18":"tag-news","19":"tag-nord","20":"tag-pays-de-la-loire","21":"tag-republique-francaise","22":"tag-roche","23":"tag-touche","24":"tag-yon"},"share_on_mastodon":{"url":"https:\/\/pubeurope.com\/@fr\/115509272656718846","error":""},"_links":{"self":[{"href":"https:\/\/www.europesays.com\/fr\/wp-json\/wp\/v2\/posts\/518577","targetHints":{"allow":["GET"]}}],"collection":[{"href":"https:\/\/www.europesays.com\/fr\/wp-json\/wp\/v2\/posts"}],"about":[{"href":"https:\/\/www.europesays.com\/fr\/wp-json\/wp\/v2\/types\/post"}],"author":[{"embeddable":true,"href":"https:\/\/www.europesays.com\/fr\/wp-json\/wp\/v2\/users\/2"}],"replies":[{"embeddable":true,"href":"https:\/\/www.europesays.com\/fr\/wp-json\/wp\/v2\/comments?post=518577"}],"version-history":[{"count":0,"href":"https:\/\/www.europesays.com\/fr\/wp-json\/wp\/v2\/posts\/518577\/revisions"}],"wp:featuredmedia":[{"embeddable":true,"href":"https:\/\/www.europesays.com\/fr\/wp-json\/wp\/v2\/media\/518578"}],"wp:attachment":[{"href":"https:\/\/www.europesays.com\/fr\/wp-json\/wp\/v2\/media?parent=518577"}],"wp:term":[{"taxonomy":"category","embeddable":true,"href":"https:\/\/www.europesays.com\/fr\/wp-json\/wp\/v2\/categories?post=518577"},{"taxonomy":"post_tag","embeddable":true,"href":"https:\/\/www.europesays.com\/fr\/wp-json\/wp\/v2\/tags?post=518577"}],"curies":[{"name":"wp","href":"https:\/\/api.w.org\/{rel}","templated":true}]}}