{"id":518589,"date":"2025-11-07T16:11:14","date_gmt":"2025-11-07T16:11:14","guid":{"rendered":"https:\/\/www.europesays.com\/fr\/518589\/"},"modified":"2025-11-07T16:11:14","modified_gmt":"2025-11-07T16:11:14","slug":"euralille-a-la-deule-quel-projet-actualites","status":"publish","type":"post","link":"https:\/\/www.europesays.com\/fr\/518589\/","title":{"rendered":"Euralille \u00e0 la De\u00fble : quel projet ? \/ Actualit\u00e9s"},"content":{"rendered":"<p>Le territoire s\u2019\u00e9tend sur pr\u00e8s de\u00a0200 hectares, reliant Euralille\u00a0\u00e0 la De\u00fble en passant par Lille,\u00a0La Madeleine, Lambersart et Saint-\u00a0Andr\u00e9. De quoi voir grand pour ce\u00a0site dont la m\u00e9tamorphose va commencer !<\/p>\n<p>Id\u00e9e : passer progressivement\u00a0d\u2019un espace d\u00e9di\u00e9 \u00e0 la voiture \u00e0 un\u00a0espace mieux partag\u00e9 entre toutes les\u00a0mobilit\u00e9s et qui favorise la biodiversit\u00e9, en lien avec la mise en place du\u00a0futur tramway.<\/p>\n<p>En septembre, des totems ont \u00e9t\u00e9\u00a0dispos\u00e9s au fil du parcours afin que les\u00a0promeneurs puissent s\u2019informer des\u00a0objectifs de ce projet ambitieux.\u00a0Trente kilom\u00e8tres de promenades\u00a0vont y \u00eatre cr\u00e9\u00e9s pour les pi\u00e9tons, facilitant les connexions entre les quatre\u00a0communes.<\/p>\n<p><strong>Ambiances et biodiversit\u00e9<\/strong><\/p>\n<p>Des chemins partag\u00e9s avec\u00a0les cycles, appel\u00e9s \u00ab rubans \u00bb, relieront\u00a0Euralille \u00e0 la De\u00fble. Ils traverseront les\u00a0paysages de ce site et leurs ambiances,\u00a0li\u00e9es \u00e0 l\u2019eau, aux bocages ou encore\u00a0aux fortifications. En plus de favoriser\u00a0les mobilit\u00e9s douces, ces continuit\u00e9s\u00a0\u00e9cologiques seront b\u00e9n\u00e9fiques pour\u00a0la biodiversit\u00e9.<\/p>\n<p>La transformation de ce grand arc\u00a0vert en nouvel espace de nature et de\u00a0loisirs porte une autre ambition, celle\u00a0de devenir un outil de r\u00e9gulation climatique pour lutter contre le r\u00e9chauffement \u00e0 l\u2019\u00e9chelle m\u00e9tropolitaine.\u00a0<\/p>\n<p>Le projet pr\u00e9voit \u00e9galement d&rsquo;accompagner la transformation d&rsquo;Euralille, en apportant une mixit\u00e9 d&rsquo;usages\u00a0avec du logement et de nouveaux services, ainsi qu&rsquo;une d\u00e9min\u00e9ralisation\u00a0des sols. Il a \u00e9t\u00e9 confi\u00e9 par la MEL \u00e0 la\u00a0SPL Euralille qui le pilote en partenariat avec les villes concern\u00e9es.<\/p>\n<p>Le projet en cinq chiffres20\u00a0<\/p>\n<p><strong>hectares v\u00e9g\u00e9talis\u00e9s vont \u00eatre\u00a0<\/strong><strong>ajout\u00e9s aux 65 d\u00e9j\u00e0 existants.<\/strong><\/p>\n<p>2<\/p>\n<p><strong>concertations avec les\u00a0<\/strong><strong>habitants, via un registre,\u00a0<\/strong><strong>des visites, des ateliers\u2026,\u00a0<\/strong><strong>en 2022 et en 2024.<\/strong><\/p>\n<p>100<\/p>\n<p><strong>hectares de vestiges\u00a0<\/strong><strong>des anciennes fortifications\u00a0<\/strong><strong>\u00e9difi\u00e9es par Vauban\u00a0<\/strong><strong>au XVII<\/strong><strong>e<\/strong><strong>\u00a0si\u00e8cle.<\/strong><\/p>\n<p>20 000<\/p>\n<p><strong>arbres plant\u00e9s<\/strong><\/p>\n<p>8<\/p>\n<p><strong>minutes que prendra un\u00a0<\/strong><strong>trajet \u00e0 v\u00e9lo pour aller de Lille\u00a0<\/strong><strong>Europe aux berges de la De\u00fble.<\/strong><\/p>\n","protected":false},"excerpt":{"rendered":"Le territoire s\u2019\u00e9tend sur pr\u00e8s de\u00a0200 hectares, reliant Euralille\u00a0\u00e0 la De\u00fble en passant par Lille,\u00a0La Madeleine, Lambersart et&hellip;\n","protected":false},"author":2,"featured_media":518590,"comment_status":"","ping_status":"","sticky":false,"template":"","format":"standard","meta":{"footnotes":""},"categories":[2815],"tags":[1111,11,4763,1777,674,1011,27,811,1307,5415,12,25],"class_list":{"0":"post-518589","1":"post","2":"type-post","3":"status-publish","4":"format-standard","5":"has-post-thumbnail","7":"category-lille","8":"tag-actu","9":"tag-actualites","10":"tag-agenda","11":"tag-eu","12":"tag-europe","13":"tag-fr","14":"tag-france","15":"tag-hauts-de-france","16":"tag-lille","17":"tag-mairie","18":"tag-news","19":"tag-republique-francaise"},"share_on_mastodon":{"url":"https:\/\/pubeurope.com\/@fr\/115509296159498458","error":""},"_links":{"self":[{"href":"https:\/\/www.europesays.com\/fr\/wp-json\/wp\/v2\/posts\/518589","targetHints":{"allow":["GET"]}}],"collection":[{"href":"https:\/\/www.europesays.com\/fr\/wp-json\/wp\/v2\/posts"}],"about":[{"href":"https:\/\/www.europesays.com\/fr\/wp-json\/wp\/v2\/types\/post"}],"author":[{"embeddable":true,"href":"https:\/\/www.europesays.com\/fr\/wp-json\/wp\/v2\/users\/2"}],"replies":[{"embeddable":true,"href":"https:\/\/www.europesays.com\/fr\/wp-json\/wp\/v2\/comments?post=518589"}],"version-history":[{"count":0,"href":"https:\/\/www.europesays.com\/fr\/wp-json\/wp\/v2\/posts\/518589\/revisions"}],"wp:featuredmedia":[{"embeddable":true,"href":"https:\/\/www.europesays.com\/fr\/wp-json\/wp\/v2\/media\/518590"}],"wp:attachment":[{"href":"https:\/\/www.europesays.com\/fr\/wp-json\/wp\/v2\/media?parent=518589"}],"wp:term":[{"taxonomy":"category","embeddable":true,"href":"https:\/\/www.europesays.com\/fr\/wp-json\/wp\/v2\/categories?post=518589"},{"taxonomy":"post_tag","embeddable":true,"href":"https:\/\/www.europesays.com\/fr\/wp-json\/wp\/v2\/tags?post=518589"}],"curies":[{"name":"wp","href":"https:\/\/api.w.org\/{rel}","templated":true}]}}