{"id":518591,"date":"2025-11-07T16:12:11","date_gmt":"2025-11-07T16:12:11","guid":{"rendered":"https:\/\/www.europesays.com\/fr\/518591\/"},"modified":"2025-11-07T16:12:11","modified_gmt":"2025-11-07T16:12:11","slug":"jose-allegrini-ex-batonnier-de-marseille-convoque-pour-un-plaider-coupable","status":"publish","type":"post","link":"https:\/\/www.europesays.com\/fr\/518591\/","title":{"rendered":"Jos\u00e9 Allegrini, ex-b\u00e2tonnier de Marseille, convoqu\u00e9 pour un \u00ab\u00a0plaider-coupable\u00a0\u00bb"},"content":{"rendered":"<p>Plac\u00e9 en garde \u00e0 vue en juin dernier pour r\u00e9pondre d\u2019une accusation agression sexuelle, Jos\u00e9 Allegrini avait reconnu les faits dans ses grandes largeurs. \u00ab\u00a0Il a juste un peu minor\u00e9\u00a0\u00bb, nous avait gliss\u00e9 une source judiciaire en octobre dernier. Depuis, les suites \u00e9taient attendues&#8230;<\/p>\n<p>Nous sommes aujourd\u2019hui <a href=\"https:\/\/www.laprovence.com\/\" target=\"_blank\" rel=\"noopener\">en mesure de vous r\u00e9v\u00e9ler<\/a> que l\u2019ancien b\u00e2tonnier de Marseille est convoqu\u00e9 fin d\u00e9cembre devant la justice aixoise dans le cadre d\u2019une reconnaissance pr\u00e9alable de culpabilit\u00e9 (CRPC), un \u00ab\u00a0plaider-coupable\u00a0\u00bb \u00e0 la fran\u00e7aise consistant \u00e0 reconna\u00eetre le d\u00e9lit, en acceptant une condamnation express. Un gain de temps pour la justice et le pr\u00e9venu qui assume le d\u00e9lit. Autre avantage pour ce dernier : l\u2019audience n\u2019est pas accessible \u00e0 la presse&#8230;<\/p>\n<p>Aujourd\u2019hui \u00e2g\u00e9e de 77\u00a0ans, cette figure du barreau et de la politique pendant les ann\u00e9es Gaudin (LR) &#8211; il a \u00e9t\u00e9 l\u2019adjoint aux Marins-Pompiers et \u00e0 la police municipale\u00a0&#8211; est vis\u00e9e depuis d\u00e9cembre 2024 <a href=\"https:\/\/www.laprovence.com\/article\/faits-divers-justice\/3971393346841914\/l-ancien-batonnier-de-marseille-et-adjoint-a-la-securite-jose-allegrini-accuse-d-agression-sexuelle\" target=\"_blank\" rel=\"noopener\">par une plainte d\u00e9pos\u00e9e par une greffi\u00e8re du tribunal de Marseille<\/a>. La sc\u00e8ne qu\u2019elle d\u00e9nonce s\u2019est d\u00e9roul\u00e9e peu apr\u00e8s le drame de la rue d\u2019Aubagne. Un jour de 2018, le t\u00e9nor aurait d\u00e9boul\u00e9 dans son bureau, \u00ab\u00a0sans que je l\u2019y autorise\u00a0\u00bb, a-t-elle pr\u00e9cis\u00e9 \u00e0&#8230;<\/p>\n","protected":false},"excerpt":{"rendered":"Plac\u00e9 en garde \u00e0 vue en juin dernier pour r\u00e9pondre d\u2019une accusation agression sexuelle, Jos\u00e9 Allegrini avait reconnu&hellip;\n","protected":false},"author":2,"featured_media":518592,"comment_status":"","ping_status":"","sticky":false,"template":"","format":"standard","meta":{"footnotes":""},"categories":[2814],"tags":[17,1111,11,1120,58484,4440,1777,674,63903,274,1011,27,3480,58483,884,12,882,25,19684],"class_list":{"0":"post-518591","1":"post","2":"type-post","3":"status-publish","4":"format-standard","5":"has-post-thumbnail","7":"category-marseille","8":"tag-17","9":"tag-actu","10":"tag-actualites","11":"tag-agression","12":"tag-allegrini","13":"tag-dune","14":"tag-eu","15":"tag-europe","16":"tag-ex-batonnier","17":"tag-faits-divers-justice","18":"tag-fr","19":"tag-france","20":"tag-greffiere","21":"tag-jose","22":"tag-marseille","23":"tag-news","24":"tag-provence-alpes-cote-dazur","25":"tag-republique-francaise","26":"tag-sexuelle"},"share_on_mastodon":{"url":"https:\/\/pubeurope.com\/@fr\/115509300074092835","error":""},"_links":{"self":[{"href":"https:\/\/www.europesays.com\/fr\/wp-json\/wp\/v2\/posts\/518591","targetHints":{"allow":["GET"]}}],"collection":[{"href":"https:\/\/www.europesays.com\/fr\/wp-json\/wp\/v2\/posts"}],"about":[{"href":"https:\/\/www.europesays.com\/fr\/wp-json\/wp\/v2\/types\/post"}],"author":[{"embeddable":true,"href":"https:\/\/www.europesays.com\/fr\/wp-json\/wp\/v2\/users\/2"}],"replies":[{"embeddable":true,"href":"https:\/\/www.europesays.com\/fr\/wp-json\/wp\/v2\/comments?post=518591"}],"version-history":[{"count":0,"href":"https:\/\/www.europesays.com\/fr\/wp-json\/wp\/v2\/posts\/518591\/revisions"}],"wp:featuredmedia":[{"embeddable":true,"href":"https:\/\/www.europesays.com\/fr\/wp-json\/wp\/v2\/media\/518592"}],"wp:attachment":[{"href":"https:\/\/www.europesays.com\/fr\/wp-json\/wp\/v2\/media?parent=518591"}],"wp:term":[{"taxonomy":"category","embeddable":true,"href":"https:\/\/www.europesays.com\/fr\/wp-json\/wp\/v2\/categories?post=518591"},{"taxonomy":"post_tag","embeddable":true,"href":"https:\/\/www.europesays.com\/fr\/wp-json\/wp\/v2\/tags?post=518591"}],"curies":[{"name":"wp","href":"https:\/\/api.w.org\/{rel}","templated":true}]}}