{"id":518595,"date":"2025-11-07T16:14:10","date_gmt":"2025-11-07T16:14:10","guid":{"rendered":"https:\/\/www.europesays.com\/fr\/518595\/"},"modified":"2025-11-07T16:14:10","modified_gmt":"2025-11-07T16:14:10","slug":"la-metropole-de-lyon-mise-sur-le-transport-fluvial-pour-un-chantier-plus-vert","status":"publish","type":"post","link":"https:\/\/www.europesays.com\/fr\/518595\/","title":{"rendered":"la M\u00e9tropole de Lyon mise sur le transport fluvial pour un chantier plus vert"},"content":{"rendered":"<p itemprop=\"description\"><strong>Sur les quais de Neuville-sur-Sa\u00f4ne, le ballet des p\u00e9niches a remplac\u00e9 celui des camions.<\/strong><\/p>\n<p>Dans le cadre du r\u00e9am\u00e9nagement et de la renaturation des quais, la M\u00e9tropole de Lyon a fait le choix d\u2019une logistique fluviale pour limiter les nuisances et r\u00e9duire l\u2019empreinte carbone du chantier.<\/p>\n<p>Depuis le lancement des travaux en juin 2025, trois p\u00e9niches ont d\u00e9j\u00e0 \u00e9vacu\u00e9 les d\u00e9blais, deux autres ont livr\u00e9 les mat\u00e9riaux, et une derni\u00e8re a achemin\u00e9 46 arbres, soit les trois quarts des plantations pr\u00e9vues. L\u2019ensemble du dispositif permettra d\u2019\u00e9viter pr\u00e8s de 500 trajets de camions, diminuant ainsi la pollution atmosph\u00e9rique, le bruit et la congestion dans le centre-ville de Neuville.<\/p>\n<p>Pour la mise en \u0153uvre, la M\u00e9tropole s\u2019appuie sur Voies Navigables de France (VNF), qui a accompagn\u00e9 les entreprises du chantier \u2013 Axima, Chazal et le batelier Desigaud \u2013 dans l\u2019organisation des convois fluviaux. Le projet est pilot\u00e9 par le groupement de ma\u00eetrise d\u2019\u0153uvre OGI\/Ilex paysages.<\/p>\n<p>C\u00f4t\u00e9 calendrier, les travaux avancent selon les pr\u00e9visions. Le r\u00e9am\u00e9nagement du parking Verdun\/Nymph\u00e9e et des espaces autour de Jean Vilar doit s\u2019achever mi-d\u00e9cembre. Le march\u00e9 de Neuville sera install\u00e9 sur son nouvel emplacement d\u00e9but janvier 2026, autour de Jean Vilar et sur les parkings r\u00e9am\u00e9nag\u00e9s, sur une surface \u00e9largie.<\/p>\n","protected":false},"excerpt":{"rendered":"Sur les quais de Neuville-sur-Sa\u00f4ne, le ballet des p\u00e9niches a remplac\u00e9 celui des camions. Dans le cadre du&hellip;\n","protected":false},"author":2,"featured_media":518596,"comment_status":"","ping_status":"","sticky":false,"template":"","format":"standard","meta":{"footnotes":""},"categories":[1889],"tags":[1111,11,2813,2190,2430,1109,251,1112,2811,1777,674,118,1011,27,1922,1110,1114,2428,2810,12,241,316,25,2812,517,800],"class_list":{"0":"post-518595","1":"post","2":"type-post","3":"status-publish","4":"format-standard","5":"has-post-thumbnail","7":"category-lyon","8":"tag-actu","9":"tag-actualites","10":"tag-article","11":"tag-asvel","12":"tag-auvergne-rhone-alpes","13":"tag-breves","14":"tag-culture","15":"tag-depeches","16":"tag-economique","17":"tag-eu","18":"tag-europe","19":"tag-faits-divers","20":"tag-fr","21":"tag-france","22":"tag-info","23":"tag-informations","24":"tag-infos","25":"tag-lyon","26":"tag-lyonmag","27":"tag-news","28":"tag-ol","29":"tag-politique","30":"tag-republique-francaise","31":"tag-sociale","32":"tag-sport","33":"tag-transports"},"share_on_mastodon":{"url":"https:\/\/pubeurope.com\/@fr\/115509307932972293","error":""},"_links":{"self":[{"href":"https:\/\/www.europesays.com\/fr\/wp-json\/wp\/v2\/posts\/518595","targetHints":{"allow":["GET"]}}],"collection":[{"href":"https:\/\/www.europesays.com\/fr\/wp-json\/wp\/v2\/posts"}],"about":[{"href":"https:\/\/www.europesays.com\/fr\/wp-json\/wp\/v2\/types\/post"}],"author":[{"embeddable":true,"href":"https:\/\/www.europesays.com\/fr\/wp-json\/wp\/v2\/users\/2"}],"replies":[{"embeddable":true,"href":"https:\/\/www.europesays.com\/fr\/wp-json\/wp\/v2\/comments?post=518595"}],"version-history":[{"count":0,"href":"https:\/\/www.europesays.com\/fr\/wp-json\/wp\/v2\/posts\/518595\/revisions"}],"wp:featuredmedia":[{"embeddable":true,"href":"https:\/\/www.europesays.com\/fr\/wp-json\/wp\/v2\/media\/518596"}],"wp:attachment":[{"href":"https:\/\/www.europesays.com\/fr\/wp-json\/wp\/v2\/media?parent=518595"}],"wp:term":[{"taxonomy":"category","embeddable":true,"href":"https:\/\/www.europesays.com\/fr\/wp-json\/wp\/v2\/categories?post=518595"},{"taxonomy":"post_tag","embeddable":true,"href":"https:\/\/www.europesays.com\/fr\/wp-json\/wp\/v2\/tags?post=518595"}],"curies":[{"name":"wp","href":"https:\/\/api.w.org\/{rel}","templated":true}]}}