{"id":518607,"date":"2025-11-07T16:24:12","date_gmt":"2025-11-07T16:24:12","guid":{"rendered":"https:\/\/www.europesays.com\/fr\/518607\/"},"modified":"2025-11-07T16:24:12","modified_gmt":"2025-11-07T16:24:12","slug":"circulation-coupee-sur-le-peripherique-apres-un-incendie-dans-un-camp-de-migrants-porte-de-saint-ouen","status":"publish","type":"post","link":"https:\/\/www.europesays.com\/fr\/518607\/","title":{"rendered":"circulation coup\u00e9e sur le p\u00e9riph\u00e9rique apr\u00e8s un incendie dans un camp de migrants porte de Saint-Ouen"},"content":{"rendered":"<p>\n    L\u2019\u00e9pais panache de fum\u00e9e noire, sans doute provoqu\u00e9 par la combustion de matelas, a \u00e9t\u00e9 aper\u00e7u \u00e0 plusieurs kilom\u00e8tres \u00e0 la ronde.<\/p>\n<p class=\"fig-paragraph\">La circulation a \u00e9t\u00e9 coup\u00e9e vendredi apr\u00e8s-midi sur\u00a0<a href=\"http:\/\/www.lefigaro.fr\/automobile\/peripherique-parisien-le-non-respect-de-la-voie-de-covoiturage-est-massif-selon-notre-decompte-20250625\" data-fig-type=\"NewsFlash\" data-gtm-custom-categorie=\"navigation\" data-gtm-custom-action=\"crossclick\" data-gtm-custom-label=\"Contextuel\" data-gtm-event=\"customEventSPE\" data-fig-domain=\"LEFIGARO\" rel=\"nofollow noopener\" target=\"_blank\">le p\u00e9riph\u00e9rique parisien<\/a>\u00a0apr\u00e8s qu\u2019un incendie s\u2019est d\u00e9clar\u00e9 sous la rocade \u00e0 hauteur de la porte de Saint-Ouen, a-t-on appris aupr\u00e8s des pompiers. L\u2019incendie serait parti d\u2019un camp de migrants, dans des circonstances inconnues \u00e0 ce stade. L\u2019\u00e9pais panache de fum\u00e9e noire, sans doute provoqu\u00e9 par la combustion de matelas, a \u00e9t\u00e9 aper\u00e7u \u00e0 plusieurs kilom\u00e8tres \u00e0 la ronde.<\/p>\n<p class=\"fig-paragraph\">On ignore pour l\u2019heure si des victimes sont \u00e0 d\u00e9plorer pr\u00e8s des installations pr\u00e9caires. \u00abIl s\u2019agit d\u2019un petit volume, ce n\u2019est pas inqui\u00e9tant\u00bb, rassure une source parmi les soldats du feu. D\u2019abord d\u00e9ploy\u00e9s en nombre, ces derniers n\u2019ont eu, a priori, aucun mal \u00e0 circonscrire le brasier. Le retour \u00e0 la normale sur le \u00abp\u00e9riph\u00bb ne devrait plus tarder.<\/p>\n","protected":false},"excerpt":{"rendered":"L\u2019\u00e9pais panache de fum\u00e9e noire, sans doute provoqu\u00e9 par la combustion de matelas, a \u00e9t\u00e9 aper\u00e7u \u00e0 plusieurs&hellip;\n","protected":false},"author":2,"featured_media":518608,"comment_status":"","ping_status":"","sticky":false,"template":"","format":"standard","meta":{"footnotes":""},"categories":[1888],"tags":[11,1777,674,1011,27,1310,12,626,25],"class_list":{"0":"post-518607","1":"post","2":"type-post","3":"status-publish","4":"format-standard","5":"has-post-thumbnail","7":"category-paris","8":"tag-actualites","9":"tag-eu","10":"tag-europe","11":"tag-fr","12":"tag-france","13":"tag-incendie","14":"tag-news","15":"tag-paris","16":"tag-republique-francaise"},"share_on_mastodon":{"url":"https:\/\/pubeurope.com\/@fr\/115509347244316077","error":""},"_links":{"self":[{"href":"https:\/\/www.europesays.com\/fr\/wp-json\/wp\/v2\/posts\/518607","targetHints":{"allow":["GET"]}}],"collection":[{"href":"https:\/\/www.europesays.com\/fr\/wp-json\/wp\/v2\/posts"}],"about":[{"href":"https:\/\/www.europesays.com\/fr\/wp-json\/wp\/v2\/types\/post"}],"author":[{"embeddable":true,"href":"https:\/\/www.europesays.com\/fr\/wp-json\/wp\/v2\/users\/2"}],"replies":[{"embeddable":true,"href":"https:\/\/www.europesays.com\/fr\/wp-json\/wp\/v2\/comments?post=518607"}],"version-history":[{"count":0,"href":"https:\/\/www.europesays.com\/fr\/wp-json\/wp\/v2\/posts\/518607\/revisions"}],"wp:featuredmedia":[{"embeddable":true,"href":"https:\/\/www.europesays.com\/fr\/wp-json\/wp\/v2\/media\/518608"}],"wp:attachment":[{"href":"https:\/\/www.europesays.com\/fr\/wp-json\/wp\/v2\/media?parent=518607"}],"wp:term":[{"taxonomy":"category","embeddable":true,"href":"https:\/\/www.europesays.com\/fr\/wp-json\/wp\/v2\/categories?post=518607"},{"taxonomy":"post_tag","embeddable":true,"href":"https:\/\/www.europesays.com\/fr\/wp-json\/wp\/v2\/tags?post=518607"}],"curies":[{"name":"wp","href":"https:\/\/api.w.org\/{rel}","templated":true}]}}