{"id":518613,"date":"2025-11-07T16:27:11","date_gmt":"2025-11-07T16:27:11","guid":{"rendered":"https:\/\/www.europesays.com\/fr\/518613\/"},"modified":"2025-11-07T16:27:11","modified_gmt":"2025-11-07T16:27:11","slug":"la-confiance-des-consommateurs-au-plus-bas-depuis-plus-de-trois-ans","status":"publish","type":"post","link":"https:\/\/www.europesays.com\/fr\/518613\/","title":{"rendered":"la confiance des consommateurs au plus bas depuis plus de trois ans"},"content":{"rendered":"<p class=\"fig-paragraph\">Le moral des consommateurs am\u00e9ricains s&rsquo;enfonce nettement en novembre, pour atteindre son plus bas niveau depuis juin 2022, selon un barom\u00e8tre r\u00e9gulier de l&rsquo;universit\u00e9 du\u00a0<a href=\"http:\/\/www.lefigaro.fr\/international\/etats-unis-une-potentielle-attaque-terroriste-prevue-lors-du-week-end-d-halloween-dejouee-dans-le-michigan-20251031\" data-fig-type=\"NewsFlash\" data-gtm-custom-categorie=\"navigation\" data-gtm-custom-action=\"crossclick\" data-gtm-custom-label=\"Contextuel\" data-gtm-event=\"customEventSPE\" data-fig-domain=\"LEFIGARO\" target=\"_blank\" rel=\"noopener\">Michigan<\/a>, qui fait r\u00e9f\u00e9rence, publi\u00e9 vendredi. L&rsquo;indice mesurant cette confiance ressort \u00e0 50,3 points en novembre, soit un recul de 6,2% par rapport au mois pr\u00e9c\u00e9dent, et de pr\u00e8s de 30% par rapport \u00e0 la m\u00eame \u00e9poque l&rsquo;an dernier. Il n\u2019avait pas tutoy\u00e9 ces niveaux depuis plus de trois ans, m\u00eame en avril, quand l&rsquo;annonce par le pr\u00e9sident Donald Trump d&rsquo;un mur de nouveaux droits de douane avait fait trembler les consommateurs et les march\u00e9s financiers.<\/p>\n<p class=\"fig-paragraph\">\u00abLa baisse du moral observ\u00e9e ce mois-ci est g\u00e9n\u00e9ralis\u00e9e au sein de la population (sond\u00e9e, NDLR), tous \u00e2ges, revenus et appartenances politiques confondus\u00bb, rapporte Joanne Hsu, la directrice de l&rsquo;enqu\u00eate, cit\u00e9e dans un communiqu\u00e9. Elle l&rsquo;attribue notamment au blocage budg\u00e9taire (\u00abshutdown\u00bb) qui s&rsquo;\u00e9ternise. \u00abLes consommateurs s&rsquo;inqui\u00e8tent maintenant de potentielles r\u00e9percussions n\u00e9gatives pour l&rsquo;\u00e9conomie.\u00bb Elle rel\u00e8ve toutefois \u00abune exception notable\u00bb: \u00abLa confiance des consommateurs aux plus gros portefeuilles d&rsquo;actions a augment\u00e9 de 11%, soutenue par la vigueur non d\u00e9mentie des march\u00e9s financiers.\u00bb<\/p>\n<p>                                    <a class=\"fig-a11y-skip a11y-hidden\" href=\"#fig-a11y-skip-main-inarticle\"><br \/>\n        Passer la publicit\u00e9<br \/>\n    <\/a><\/p>\n<p class=\"fig-paragraph\">Cette remarque va dans le sens des observations de nombre d&rsquo;\u00e9conomistes et banquiers centraux: l&rsquo;\u00e9conomie am\u00e9ricaine semble de plus en plus \u00e0 deux vitesses, avec les m\u00e9nages des classes moyennes et populaires qui font \u00e9tat de difficult\u00e9s croissantes, tandis que le train de vie des foyers ais\u00e9s ne semble pas affect\u00e9. La divergence est notamment due \u00e0 la force des revenus du patrimoine: Wall Street est abonn\u00e9e aux records ces derniers temps, gonflant la valeur des actifs financiers, tandis que le capital immobilier progresse aussi.<\/p>\n","protected":false},"excerpt":{"rendered":"Le moral des consommateurs am\u00e9ricains s&rsquo;enfonce nettement en novembre, pour atteindre son plus bas niveau depuis juin 2022,&hellip;\n","protected":false},"author":2,"featured_media":518614,"comment_status":"","ping_status":"","sticky":false,"template":"","format":"standard","meta":{"footnotes":""},"categories":[1589],"tags":[11,6907,73,1866,12,1864,1865,1863,308],"class_list":{"0":"post-518613","1":"post","2":"type-post","3":"status-publish","4":"format-standard","5":"has-post-thumbnail","7":"category-etats-unis","8":"tag-actualites","9":"tag-consommateur","10":"tag-etats-unis","11":"tag-etats-unis-damerique","12":"tag-news","13":"tag-united-states","14":"tag-united-states-of-america","15":"tag-us","16":"tag-usa"},"share_on_mastodon":{"url":"https:\/\/pubeurope.com\/@fr\/115509359059360241","error":""},"_links":{"self":[{"href":"https:\/\/www.europesays.com\/fr\/wp-json\/wp\/v2\/posts\/518613","targetHints":{"allow":["GET"]}}],"collection":[{"href":"https:\/\/www.europesays.com\/fr\/wp-json\/wp\/v2\/posts"}],"about":[{"href":"https:\/\/www.europesays.com\/fr\/wp-json\/wp\/v2\/types\/post"}],"author":[{"embeddable":true,"href":"https:\/\/www.europesays.com\/fr\/wp-json\/wp\/v2\/users\/2"}],"replies":[{"embeddable":true,"href":"https:\/\/www.europesays.com\/fr\/wp-json\/wp\/v2\/comments?post=518613"}],"version-history":[{"count":0,"href":"https:\/\/www.europesays.com\/fr\/wp-json\/wp\/v2\/posts\/518613\/revisions"}],"wp:featuredmedia":[{"embeddable":true,"href":"https:\/\/www.europesays.com\/fr\/wp-json\/wp\/v2\/media\/518614"}],"wp:attachment":[{"href":"https:\/\/www.europesays.com\/fr\/wp-json\/wp\/v2\/media?parent=518613"}],"wp:term":[{"taxonomy":"category","embeddable":true,"href":"https:\/\/www.europesays.com\/fr\/wp-json\/wp\/v2\/categories?post=518613"},{"taxonomy":"post_tag","embeddable":true,"href":"https:\/\/www.europesays.com\/fr\/wp-json\/wp\/v2\/tags?post=518613"}],"curies":[{"name":"wp","href":"https:\/\/api.w.org\/{rel}","templated":true}]}}