{"id":518615,"date":"2025-11-07T16:28:12","date_gmt":"2025-11-07T16:28:12","guid":{"rendered":"https:\/\/www.europesays.com\/fr\/518615\/"},"modified":"2025-11-07T16:28:12","modified_gmt":"2025-11-07T16:28:12","slug":"la-police-arrete-un-detenu-algerien-libere-par-erreur","status":"publish","type":"post","link":"https:\/\/www.europesays.com\/fr\/518615\/","title":{"rendered":"la police arr\u00eate un d\u00e9tenu alg\u00e9rien lib\u00e9r\u00e9 par erreur"},"content":{"rendered":"<p>\n    Sa lib\u00e9ration s\u2019\u00e9tait produite quelques jours apr\u00e8s celle \u2013 \u00e9galement due \u00e0 une m\u00e9prise &#8211; d\u2019un demandeur d\u2019asile \u00e9thiopien, condamn\u00e9 pour des agressions sexuelles qui avaient suscit\u00e9 des manifestations anti-immigration cet \u00e9t\u00e9 dans le pays.<\/p>\n<p class=\"fig-paragraph\">Un ressortissant alg\u00e9rien dont la lib\u00e9ration par erreur d&rsquo;une prison londonienne a aliment\u00e9 une\u00a0<a href=\"http:\/\/www.lefigaro.fr\/international\/royaume-uni-la-police-recherche-deux-detenus-liberes-par-erreur-20251105\" data-fig-type=\"NewsFlash\" data-gtm-custom-categorie=\"navigation\" data-gtm-custom-action=\"crossclick\" data-gtm-custom-label=\"Contextuel\" data-gtm-event=\"customEventSPE\" data-fig-domain=\"LEFIGARO\" target=\"_blank\" rel=\"noopener\">pol\u00e9mique\u00a0<\/a>sur le fonctionnement du syst\u00e8me p\u00e9nitentiaire au\u00a0<a href=\"https:\/\/www.lefigaro.fr\/tag\/royaume-uni\" target=\"_blank\" rel=\"sponsored noopener\" data-gtm-custom-categorie=\"navigation\" data-gtm-custom-action=\"crossclick\" data-gtm-custom-label=\"Contextuel\" data-gtm-event=\"customEventSPE\">Royaume-Uni<\/a>, a \u00e9t\u00e9 arr\u00eat\u00e9 vendredi dans la capitale apr\u00e8s trois jours de recherches, a annonc\u00e9 la police. Sa lib\u00e9ration s&rsquo;\u00e9tait produite quelques jours apr\u00e8s celle \u2013 \u00e9galement due \u00e0 une m\u00e9prise- d&rsquo;un demandeur d&rsquo;asile \u00e9thiopien, condamn\u00e9 pour des agressions sexuelles qui avaient suscit\u00e9 des manifestations anti-immigration cet \u00e9t\u00e9 dans le pays. Il a depuis \u00e9t\u00e9 expuls\u00e9 vers son pays d&rsquo;origine.<\/p>\n<p>Rel\u00e2ch\u00e9 par erreur<\/p>\n<p class=\"fig-paragraph\">Ces cas, particuli\u00e8rement sensibles dans un contexte de tensions autour des questions d&rsquo;immigration et de droit d&rsquo;asile, ont r\u00e9v\u00e9l\u00e9 un ph\u00e9nom\u00e8ne r\u00e9pandu, embarrassant pour le gouvernement travailliste. Selon un rapport officiel, 262 d\u00e9tenus ont \u00e9t\u00e9 rel\u00e2ch\u00e9s par erreur en Angleterre et au Pays de Galles entre mars 2024 et mars 2025, une augmentation de 128% par rapport \u00e0 l&rsquo;ann\u00e9e pr\u00e9c\u00e9dente. L&rsquo;homme arr\u00eat\u00e9 vendredi, Brahim Kaddour-Cherif, avait \u00e9t\u00e9 rel\u00e2ch\u00e9 par erreur de la prison de Wandsworth (sud de Londres) le 29 octobre, et la police de\u00a0<a href=\"https:\/\/www.lefigaro.fr\/tag\/londres\" target=\"_blank\" rel=\"sponsored noopener\" data-gtm-custom-categorie=\"navigation\" data-gtm-custom-action=\"crossclick\" data-gtm-custom-label=\"Contextuel\" data-gtm-event=\"customEventSPE\">Londres<\/a>, inform\u00e9e des faits mardi, avait lanc\u00e9 des recherches.<\/p>\n<p>                                    <a class=\"fig-a11y-skip a11y-hidden\" href=\"#fig-a11y-skip-main-inarticle\"><br \/>\n        Passer la publicit\u00e9<br \/>\n    <\/a><\/p>\n<p class=\"fig-paragraph\">Il a \u00e9t\u00e9 rep\u00e9r\u00e9 dans le nord de Londres vendredi, arr\u00eat\u00e9 par la police et plac\u00e9 en garde \u00e0 vue pour \u00abfuite\u00bb et pour des faits pr\u00e9c\u00e9dents d&rsquo;agression sur un secouriste. Cet homme de 24 ans -vis\u00e9 par une proc\u00e9dure d&rsquo;expulsion apr\u00e8s l&rsquo;expiration du visa de tourisme qui lui avait permis d&rsquo;entrer au Royaume-Uni en 2019- avait \u00e9t\u00e9 incarc\u00e9r\u00e9 pour une tentative d&rsquo;intrusion en vue de commettre un cambriolage. Il avait \u00e9t\u00e9 condamn\u00e9 en novembre 2024 pour attentat \u00e0 la pudeur \u00e0 18 mois de travaux d&rsquo;int\u00e9r\u00eat g\u00e9n\u00e9ral et une inscription au fichier des d\u00e9linquants sexuels.<\/p>\n<p>\u00abSyst\u00e8mes archa\u00efques\u00bb<\/p>\n<p class=\"fig-paragraph\">Lundi, un autre d\u00e9tenu de la prison de Wandsworth avait \u00e9t\u00e9 rel\u00e2ch\u00e9 par erreur. L&rsquo;homme, un Britannique de 35 ans, s&rsquo;\u00e9tait rendu de lui-m\u00eame aux autorit\u00e9s jeudi. \u00abNous avons h\u00e9rit\u00e9 d&rsquo;un syst\u00e8me p\u00e9nitentiaire en crise et je suis constern\u00e9 par le nombre de lib\u00e9rations par erreur que cela entra\u00eene\u00bb, a comment\u00e9 vendredi le ministre de la Justice David Lammy, mis sous pression par ces affaires.<\/p>\n<p class=\"fig-paragraph\">Il s&rsquo;est dit \u00abd\u00e9termin\u00e9 \u00e0 s&rsquo;attaquer\u00bb au probl\u00e8me, tout en reconnaissant que \u00abla t\u00e2che est colossale et ne peut \u00eatre accomplie du jour au lendemain\u00bb. Le ministre a indiqu\u00e9 avoir \u00abordonn\u00e9 de nouveaux contr\u00f4les stricts avant les lib\u00e9rations, mandat\u00e9 une enqu\u00eate ind\u00e9pendante sur les d\u00e9faillances syst\u00e9miques et commenc\u00e9 \u00e0 r\u00e9former les syst\u00e8mes archa\u00efques bas\u00e9s sur le papier encore utilis\u00e9s dans certaines prisons\u00bb.<\/p>\n","protected":false},"excerpt":{"rendered":"Sa lib\u00e9ration s\u2019\u00e9tait produite quelques jours apr\u00e8s celle \u2013 \u00e9galement due \u00e0 une m\u00e9prise &#8211; d\u2019un demandeur d\u2019asile&hellip;\n","protected":false},"author":2,"featured_media":518616,"comment_status":"","ping_status":"","sticky":false,"template":"","format":"standard","meta":{"footnotes":""},"categories":[1588],"tags":[11,2441,1777,674,1251,12,473,1853,1851,1850,1852],"class_list":{"0":"post-518615","1":"post","2":"type-post","3":"status-publish","4":"format-standard","5":"has-post-thumbnail","7":"category-royaume-uni","8":"tag-actualites","9":"tag-arrestation","10":"tag-eu","11":"tag-europe","12":"tag-migrants","13":"tag-news","14":"tag-royaume-uni","15":"tag-royaume-uni-de-grande-bretagne-et-dirlande-du-nord","16":"tag-uk","17":"tag-united-kingdom","18":"tag-united-kingdom-of-great-britain-and-northern-ireland"},"share_on_mastodon":{"url":"https:\/\/pubeurope.com\/@fr\/115509363041334750","error":""},"_links":{"self":[{"href":"https:\/\/www.europesays.com\/fr\/wp-json\/wp\/v2\/posts\/518615","targetHints":{"allow":["GET"]}}],"collection":[{"href":"https:\/\/www.europesays.com\/fr\/wp-json\/wp\/v2\/posts"}],"about":[{"href":"https:\/\/www.europesays.com\/fr\/wp-json\/wp\/v2\/types\/post"}],"author":[{"embeddable":true,"href":"https:\/\/www.europesays.com\/fr\/wp-json\/wp\/v2\/users\/2"}],"replies":[{"embeddable":true,"href":"https:\/\/www.europesays.com\/fr\/wp-json\/wp\/v2\/comments?post=518615"}],"version-history":[{"count":0,"href":"https:\/\/www.europesays.com\/fr\/wp-json\/wp\/v2\/posts\/518615\/revisions"}],"wp:featuredmedia":[{"embeddable":true,"href":"https:\/\/www.europesays.com\/fr\/wp-json\/wp\/v2\/media\/518616"}],"wp:attachment":[{"href":"https:\/\/www.europesays.com\/fr\/wp-json\/wp\/v2\/media?parent=518615"}],"wp:term":[{"taxonomy":"category","embeddable":true,"href":"https:\/\/www.europesays.com\/fr\/wp-json\/wp\/v2\/categories?post=518615"},{"taxonomy":"post_tag","embeddable":true,"href":"https:\/\/www.europesays.com\/fr\/wp-json\/wp\/v2\/tags?post=518615"}],"curies":[{"name":"wp","href":"https:\/\/api.w.org\/{rel}","templated":true}]}}