{"id":518617,"date":"2025-11-07T16:29:12","date_gmt":"2025-11-07T16:29:12","guid":{"rendered":"https:\/\/www.europesays.com\/fr\/518617\/"},"modified":"2025-11-07T16:29:12","modified_gmt":"2025-11-07T16:29:12","slug":"vols-de-drones-suspects-lallemagne-va-aider-la-belgique-a-se-defendre","status":"publish","type":"post","link":"https:\/\/www.europesays.com\/fr\/518617\/","title":{"rendered":"Vols de drones suspects : l&rsquo;Allemagne va aider la Belgique \u00e0 se d\u00e9fendre"},"content":{"rendered":"<p class=\"p1\">En raison de la multiplication de vols suspects <a href=\"https:\/\/www.valeursactuelles.com\/societe\/lutte-anti-drone-larmee-de-terre-met-en-service-son-systeme-de-combat-proteus\" target=\"_blank\" rel=\"noopener\">d\u2019engins non identifi\u00e9s<\/a> sur son territoire au cours des derni\u00e8res semaines, Berlin a annonc\u00e9, ce jeudi 6 novembre, soutenir <a href=\"https:\/\/www.valeursactuelles.com\/monde\/belgique-le-pays-recoit-des-avions-f-35-mais-son-espace-aerien-nest-pas-assez-grand-pour-les-faire-voler\" target=\"_blank\" rel=\"noopener\">la Belgique<\/a> afin de l\u2019aider \u00e0 contrer les survols de drones. \u00ab \u00c0 la demande de la Belgique (\u2026) la Bundeswehr soutiendra \u00e0 court terme notre pays voisin en lui fournissant des capacit\u00e9s de lutte contre les petits syst\u00e8mes a\u00e9riens sans pilote \u00bb, a affirm\u00e9, dans un communiqu\u00e9, le minist\u00e8re de la D\u00e9fense allemand.<\/p>\n<p><a href=\"https:\/\/www.valeursactuelles.com\/monde\/la-russie-annonce-avoir-developpe-poseidon-un-drone-sous-marin-capable-demporter-une-ogive-atomique\" class=\"h-flex h-align-items-center h-border-tb h-ptb-15\" target=\"_blank\" rel=\"noopener\">A\u00a0LIRE\u00a0La Russie annonce avoir d\u00e9velopp\u00e9 Pos\u00e9idon, un drone sous-marin capable d\u2019emporter une ogive atomique<\/a><\/p>\n<p class=\"p1\">Au m\u00eame titre que plusieurs autres pays depuis quelques semaines, la Belgique et l\u2019Allemagne connaissent des \u00e9pisodes de survol de <a href=\"https:\/\/www.valeursactuelles.com\/monde\/la-russie-annonce-avoir-developpe-poseidon-un-drone-sous-marin-capable-demporter-une-ogive-atomique\" target=\"_blank\" rel=\"noopener\">drones<\/a> suspects au-dessus de lieux ou d\u2019infrastructures sensibles. \u00ab\u00a0La demande d\u2019aide belge a \u00e9t\u00e9 motiv\u00e9e par une augmentation significative du nombre d\u2019observations d\u2019a\u00e9ronefs sans pilote non identifi\u00e9s, y compris dans la zone des installations militaires belges \u00bb, affirme le minist\u00e8re.<\/p>\n<p>Le trafic a\u00e9rien allemand suspendu<\/p>\n<p class=\"p1\">Ainsi, des forces de l\u2019arm\u00e9e de l\u2019air allemande sont arriv\u00e9es en Belgique derni\u00e8rement\u00a0\u00ab afin d\u2019\u00e9valuer la situation \u00bb\u00a0et de\u00a0\u00ab coordonner \u00bb avec les forces arm\u00e9es belges la d\u00e9tection et\u00a0\u00ab la d\u00e9fense contre les drones \u00bb. Le week-end dernier, la base militaire de Kleine-Brogel, en Belgique, abritant des armes nucl\u00e9aires am\u00e9ricaines, a \u00e9t\u00e9 survol\u00e9e \u00e0 trois reprises. C\u2019est pourquoi une enqu\u00eate a \u00e9t\u00e9 ouverte par le service de renseignement militaire belge. En Allemagne, le trafic a\u00e9rien a m\u00eame \u00e9t\u00e9 suspendu dans plusieurs a\u00e9roports ces deni\u00e8res semaines en raison d\u2019un survol de drones.<\/p>\n","protected":false},"excerpt":{"rendered":"En raison de la multiplication de vols suspects d\u2019engins non identifi\u00e9s sur son territoire au cours des derni\u00e8res&hellip;\n","protected":false},"author":2,"featured_media":518618,"comment_status":"","ping_status":"","sticky":false,"template":"","format":"standard","meta":{"footnotes":""},"categories":[1587],"tags":[11,4526,672,828,1804,1805,554,1803,2024,1777,674,1801,12,1802],"class_list":{"0":"post-518617","1":"post","2":"type-post","3":"status-publish","4":"format-standard","5":"has-post-thumbnail","7":"category-allemagne","8":"tag-actualites","9":"tag-aide","10":"tag-allemagne","11":"tag-belgique","12":"tag-bundesrepublik-deutschland","13":"tag-de","14":"tag-defense","15":"tag-deutschland","16":"tag-drones","17":"tag-eu","18":"tag-europe","19":"tag-germany","20":"tag-news","21":"tag-republique-federale-dallemagne"},"share_on_mastodon":{"url":"https:\/\/pubeurope.com\/@fr\/115509367015090547","error":""},"_links":{"self":[{"href":"https:\/\/www.europesays.com\/fr\/wp-json\/wp\/v2\/posts\/518617","targetHints":{"allow":["GET"]}}],"collection":[{"href":"https:\/\/www.europesays.com\/fr\/wp-json\/wp\/v2\/posts"}],"about":[{"href":"https:\/\/www.europesays.com\/fr\/wp-json\/wp\/v2\/types\/post"}],"author":[{"embeddable":true,"href":"https:\/\/www.europesays.com\/fr\/wp-json\/wp\/v2\/users\/2"}],"replies":[{"embeddable":true,"href":"https:\/\/www.europesays.com\/fr\/wp-json\/wp\/v2\/comments?post=518617"}],"version-history":[{"count":0,"href":"https:\/\/www.europesays.com\/fr\/wp-json\/wp\/v2\/posts\/518617\/revisions"}],"wp:featuredmedia":[{"embeddable":true,"href":"https:\/\/www.europesays.com\/fr\/wp-json\/wp\/v2\/media\/518618"}],"wp:attachment":[{"href":"https:\/\/www.europesays.com\/fr\/wp-json\/wp\/v2\/media?parent=518617"}],"wp:term":[{"taxonomy":"category","embeddable":true,"href":"https:\/\/www.europesays.com\/fr\/wp-json\/wp\/v2\/categories?post=518617"},{"taxonomy":"post_tag","embeddable":true,"href":"https:\/\/www.europesays.com\/fr\/wp-json\/wp\/v2\/tags?post=518617"}],"curies":[{"name":"wp","href":"https:\/\/api.w.org\/{rel}","templated":true}]}}