{"id":518623,"date":"2025-11-07T16:32:11","date_gmt":"2025-11-07T16:32:11","guid":{"rendered":"https:\/\/www.europesays.com\/fr\/518623\/"},"modified":"2025-11-07T16:32:11","modified_gmt":"2025-11-07T16:32:11","slug":"emmanuel-chiva-le-delegue-general-pour-larmement-est-sur-le-depart","status":"publish","type":"post","link":"https:\/\/www.europesays.com\/fr\/518623\/","title":{"rendered":"Emmanuel Chiva, le D\u00e9l\u00e9gu\u00e9 g\u00e9n\u00e9ral pour l&rsquo;armement, est sur le d\u00e9part"},"content":{"rendered":"<p>Remis \u00e0 jour le 7 novembre (probable nomination de Patrick Pailloux)<\/p>\n<p>Selon plusieurs sources concordantes, le d\u00e9l\u00e9gu\u00e9 g\u00e9n\u00e9ral pour l&rsquo;armement (DGA) Emmanuel Chiva, en fonction depuis juillet 2022 apr\u00e8s notamment avoir dirig\u00e9 l\u2019Agence de l&rsquo;innovation de d\u00e9fense (2018-2022), serait sur le d\u00e9part. Le nom de son remplacement devrait \u00eatre probablement annonc\u00e9 lundi lors du prochain Conseil des ministres. Pourquoi un d\u00e9part maintenant alors que l&rsquo;\u00e9cosyst\u00e8me industriel demande de la stabilit\u00e9 pour contrebalancer l&rsquo;instabilit\u00e9 politique ? La nouvelle ministre des Arm\u00e9es Catherine Vautrin, qui veut un proche \u00e0 ses c\u00f4t\u00e9s, a d\u00e9cid\u00e9 de renouveler les \u00e9quipes du minist\u00e8re et son rempla\u00e7ant serait d\u00e9j\u00e0 d\u00e9sign\u00e9 sans aucune s\u00e9lection. Comme le r\u00e9v\u00e8le Challenges, l&rsquo;actuel directeur de cabinet de Catherine Vautrin, Patrick Pailloux, devrait \u00eatre le prochain DGA. Une information que La Tribune est en mesure de confirmer.<\/p>\n","protected":false},"excerpt":{"rendered":"Remis \u00e0 jour le 7 novembre (probable nomination de Patrick Pailloux) Selon plusieurs sources concordantes, le d\u00e9l\u00e9gu\u00e9 g\u00e9n\u00e9ral&hellip;\n","protected":false},"author":2,"featured_media":518624,"comment_status":"","ping_status":"","sticky":false,"template":"","format":"standard","meta":{"footnotes":""},"categories":[2],"tags":[17,11,63906,56827,46087,3985,11513,1011,27,6556,63907,12,25],"class_list":{"0":"post-518623","1":"post","2":"type-post","3":"status-publish","4":"format-standard","5":"has-post-thumbnail","7":"category-actualites","8":"tag-17","9":"tag-actualites","10":"tag-chiva","11":"tag-defense-et-aerospatiale","12":"tag-delegue","13":"tag-depart","14":"tag-emmanuel","15":"tag-fr","16":"tag-france","17":"tag-general","18":"tag-larmement","19":"tag-news","20":"tag-republique-francaise"},"share_on_mastodon":{"url":"https:\/\/pubeurope.com\/@fr\/115509378829795006","error":""},"_links":{"self":[{"href":"https:\/\/www.europesays.com\/fr\/wp-json\/wp\/v2\/posts\/518623","targetHints":{"allow":["GET"]}}],"collection":[{"href":"https:\/\/www.europesays.com\/fr\/wp-json\/wp\/v2\/posts"}],"about":[{"href":"https:\/\/www.europesays.com\/fr\/wp-json\/wp\/v2\/types\/post"}],"author":[{"embeddable":true,"href":"https:\/\/www.europesays.com\/fr\/wp-json\/wp\/v2\/users\/2"}],"replies":[{"embeddable":true,"href":"https:\/\/www.europesays.com\/fr\/wp-json\/wp\/v2\/comments?post=518623"}],"version-history":[{"count":0,"href":"https:\/\/www.europesays.com\/fr\/wp-json\/wp\/v2\/posts\/518623\/revisions"}],"wp:featuredmedia":[{"embeddable":true,"href":"https:\/\/www.europesays.com\/fr\/wp-json\/wp\/v2\/media\/518624"}],"wp:attachment":[{"href":"https:\/\/www.europesays.com\/fr\/wp-json\/wp\/v2\/media?parent=518623"}],"wp:term":[{"taxonomy":"category","embeddable":true,"href":"https:\/\/www.europesays.com\/fr\/wp-json\/wp\/v2\/categories?post=518623"},{"taxonomy":"post_tag","embeddable":true,"href":"https:\/\/www.europesays.com\/fr\/wp-json\/wp\/v2\/tags?post=518623"}],"curies":[{"name":"wp","href":"https:\/\/api.w.org\/{rel}","templated":true}]}}