{"id":518642,"date":"2025-11-07T16:47:11","date_gmt":"2025-11-07T16:47:11","guid":{"rendered":"https:\/\/www.europesays.com\/fr\/518642\/"},"modified":"2025-11-07T16:47:11","modified_gmt":"2025-11-07T16:47:11","slug":"face-a-shein-la-semaine-ou-le-gouvernement-sest-decide-a-montrer-les-muscles","status":"publish","type":"post","link":"https:\/\/www.europesays.com\/fr\/518642\/","title":{"rendered":"face \u00e0 Shein, la semaine o\u00f9 le gouvernement s\u2019est d\u00e9cid\u00e9 \u00e0 montrer les muscles"},"content":{"rendered":"<p>\n    <strong>R\u00c9CIT &#8211;<\/strong> Critiqu\u00e9 pour son incapacit\u00e9 \u00e0 contr\u00f4ler la plateforme chinoise, l\u2019ex\u00e9cutif s\u2019est finalement r\u00e9solu cette semaine, apr\u00e8s une s\u00e9rie de pol\u00e9miques, \u00e0 lancer une salve de proc\u00e9dures contre le g\u00e9ant de l\u2019ultra fast fashion.<\/p>\n<p class=\"fig-paragraph\">\u00abIci, ce n\u2019est pas un magasin vitrine, c\u2019est un magasin qui vit\u00a0!\u00bb Arpentant les rayons de v\u00eatements Shein fra\u00eechement install\u00e9s au dernier \u00e9tage du BHV, Fr\u00e9d\u00e9ric Merlin savoure sa victoire. Voil\u00e0 des semaines que le patron du grand magasin parisien,\u00a0<a href=\"http:\/\/www.lefigaro.fr\/economie\/frederic-merlin-le-reenchanteur-du-bhv-devenu-paria-depuis-son-alliance-avec-shein-20251009\" data-fig-type=\"Article\" data-gtm-custom-categorie=\"navigation\" data-gtm-custom-action=\"crossclick\" data-gtm-custom-label=\"Contextuel\" data-gtm-event=\"customEventSPE\" data-fig-domain=\"LEFIGARO\" target=\"_blank\" rel=\"noopener\">devenu VRP de la plateforme chinoise en lui offrant sa premi\u00e8re boutique physique en France<\/a>, fait le dos rond pour supporter les critiques. Ce mercredi 5 novembre, il en est persuad\u00e9\u00a0: il est en train de prouver aux politiques comme \u00e0 ses concurrents qui l\u2019ont vilipend\u00e9 depuis un mois qu\u2019ils sont d\u00e9connect\u00e9s des \u00abvraies\u00bb gens. Ils sont venus par centaines ce jour-l\u00e0 voir \u00aben vrai\u00bb cette marque \u00e0 petit prix qui leur permet de s\u2019habiller malgr\u00e9 leur budget serr\u00e9. Fr\u00e9d\u00e9ric Merlin savoure son succ\u00e8s.<\/p>\n<p class=\"fig-paragraph\">Mais lui et l\u2019\u00e9tat-major de Shein ne savent pas encore que le gouvernement a d\u00e9cid\u00e9 de g\u00e2cher la f\u00eate. En d\u00e9but d\u2019apr\u00e8s-midi, une heure \u00e0 peine apr\u00e8s l\u2019inauguration, le premier ministre S\u00e9bastien Lecornu\u00a0<a href=\"http:\/\/www.lefigaro.fr\/societes\/poupees-sexuelles-armes-le-gouvernement-engage-la-procedure-de-suspension-du-geant-chinois-shein-en-france-20251105\" data-fig-type=\"NewsFlash\" data-gtm-custom-categorie=\"navigation\" data-gtm-custom-action=\"crossclick\" data-gtm-custom-label=\"Contextuel\" data-gtm-event=\"customEventSPE\" data-fig-domain=\"LEFIGARO\" target=\"_blank\" rel=\"noopener\">annonce lancer une proc\u00e9dure pour suspendre l\u2019acc\u00e8s \u00e0 la plateforme<\/a>\u00a0en France. Un coup politique pour faire taire ceux qui\u00a0<a href=\"http:\/\/www.lefigaro.fr\/conjoncture\/shein-symbole-de-l-impuissance-publique-face-a-la-deferlante-des-produits-made-in-china-en-europe-20251104\" data-fig-type=\"Article\" data-gtm-custom-categorie=\"navigation\" data-gtm-custom-action=\"crossclick\" data-gtm-custom-label=\"Contextuel\" data-gtm-event=\"customEventSPE\" data-fig-domain=\"LEFIGARO\" target=\"_blank\" rel=\"noopener\">reprochent \u00e0 l\u2019ex\u00e9cutif son inertie face \u00e0 la puissance de ce g\u00e9ant<\/a>, qui impose ses r\u00e8gles au march\u00e9 fran\u00e7ais, inond\u00e9 de produits souvent non conformes et parfois dangereux.Le gouvernement montre les muscles, bien d\u00e9cid\u00e9 \u00e0 faire de Shein un exemple. Et ce, quitte \u00e0 risquer de se mettre \u00e0 dos ses millions de clients fid\u00e8les en France, dans une p\u00e9riode o\u00f9 le pouvoir d\u2019achat reste un sujet de pr\u00e9occupation majeur.<\/p>\n<p class=\"fig-premium-paywall__infos\">\n        Cet article est r\u00e9serv\u00e9 aux abonn\u00e9s.        Il vous reste 83% \u00e0 d\u00e9couvrir.\n    <\/p>\n<p>                <img  data- alt=\"Le Figaro\" class=\"fig-img--complete fig-img\"\/><\/p>\n<p class=\"fig-premium-paywall__title\">Vous avez envie de lire la suite ?<\/p>\n<p class=\"fig-premium-paywall__subtitle\">D\u00e9bloquez tous les articles imm\u00e9diatement.<\/p>\n<p class=\"fig-premium-paywall__connect\">\n                D\u00e9j\u00e0 abonn\u00e9\u00a0?                <a class=\"fig-premium-paywall__connect-link\" href=\"https:\/\/connect.lefigaro.fr\/login?client=horizon_web&amp;type=main&amp;redirect_uri=https%3A%2F%2Fwww.lefigaro.fr%2Fconso%2Fon-n-est-pas-la-pour-negocier-face-a-shein-la-semaine-ou-le-gouvernement-s-est-decide-a-montrer-les-muscles-20251107\" data-js-gtm=\"{&quot;customCategorie&quot;: &quot;conversion&quot;, &quot;customAction&quot;: &quot;before_Landing_Connexion_paywall_manuel&quot;, &quot;customLabel&quot;: &quot;bGVmaWdhcm8uZnJfXzFmMGJiYmE0LTc5NTYtNjY0MC05NTI4LWExOGQ4ODY2MzA1NF9fTmV3c0ZsYXNo_\u00abOn n\u2019est pas l\u00e0 pour n\u00e9gocier\u00bb\u00a0: face \u00e0 Shein, la semaine o\u00f9 le gouvernement s\u2019est d\u00e9cid\u00e9 \u00e0 montrer les muscles_1206&quot;, &quot;customIDSPE&quot;: &quot;bGVmaWdhcm8uZnJfXzFmMGJiYmE0LTc5NTYtNjY0MC05NTI4LWExOGQ4ODY2MzA1NF9fTmV3c0ZsYXNo&quot;, &quot;event&quot;: &quot;customEventSPE&quot;}\" target=\"_blank\" rel=\"noopener\"><br \/>\n                    Connectez-vous<br \/>\n                <\/a>\n            <\/p>\n","protected":false},"excerpt":{"rendered":"R\u00c9CIT &#8211; Critiqu\u00e9 pour son incapacit\u00e9 \u00e0 contr\u00f4ler la plateforme chinoise, l\u2019ex\u00e9cutif s\u2019est finalement r\u00e9solu cette semaine, apr\u00e8s&hellip;\n","protected":false},"author":2,"featured_media":518643,"comment_status":"","ping_status":"","sticky":false,"template":"","format":"standard","meta":{"footnotes":""},"categories":[1356],"tags":[49510,58,59,1011,27,1104,252,1364],"class_list":{"0":"post-518642","1":"post","2":"type-post","3":"status-publish","4":"format-standard","5":"has-post-thumbnail","7":"category-television","8":"tag-commerce-en-ligne","9":"tag-divertissement","10":"tag-entertainment","11":"tag-fr","12":"tag-france","13":"tag-shein","14":"tag-television","15":"tag-tv"},"share_on_mastodon":{"url":"https:\/\/pubeurope.com\/@fr\/115509437738286462","error":""},"_links":{"self":[{"href":"https:\/\/www.europesays.com\/fr\/wp-json\/wp\/v2\/posts\/518642","targetHints":{"allow":["GET"]}}],"collection":[{"href":"https:\/\/www.europesays.com\/fr\/wp-json\/wp\/v2\/posts"}],"about":[{"href":"https:\/\/www.europesays.com\/fr\/wp-json\/wp\/v2\/types\/post"}],"author":[{"embeddable":true,"href":"https:\/\/www.europesays.com\/fr\/wp-json\/wp\/v2\/users\/2"}],"replies":[{"embeddable":true,"href":"https:\/\/www.europesays.com\/fr\/wp-json\/wp\/v2\/comments?post=518642"}],"version-history":[{"count":0,"href":"https:\/\/www.europesays.com\/fr\/wp-json\/wp\/v2\/posts\/518642\/revisions"}],"wp:featuredmedia":[{"embeddable":true,"href":"https:\/\/www.europesays.com\/fr\/wp-json\/wp\/v2\/media\/518643"}],"wp:attachment":[{"href":"https:\/\/www.europesays.com\/fr\/wp-json\/wp\/v2\/media?parent=518642"}],"wp:term":[{"taxonomy":"category","embeddable":true,"href":"https:\/\/www.europesays.com\/fr\/wp-json\/wp\/v2\/categories?post=518642"},{"taxonomy":"post_tag","embeddable":true,"href":"https:\/\/www.europesays.com\/fr\/wp-json\/wp\/v2\/tags?post=518642"}],"curies":[{"name":"wp","href":"https:\/\/api.w.org\/{rel}","templated":true}]}}