{"id":518644,"date":"2025-11-07T16:48:12","date_gmt":"2025-11-07T16:48:12","guid":{"rendered":"https:\/\/www.europesays.com\/fr\/518644\/"},"modified":"2025-11-07T16:48:12","modified_gmt":"2025-11-07T16:48:12","slug":"la-fuite-en-avant-dorelsan-fadaises-normandes-liberation","status":"publish","type":"post","link":"https:\/\/www.europesays.com\/fr\/518644\/","title":{"rendered":"\u00abLa Fuite en avant\u00bb d\u2019Orelsan : fadaises normandes \u2013 Lib\u00e9ration"},"content":{"rendered":"<p class=\"sc-cPiKLX AiZTS text-element\">Impossible d\u2019y \u00e9chapper. Sur grand \u00e9cran, sur toutes les sc\u00e8nes de France, \u00e0 la t\u00e9l\u00e9, et dans vos journaux pr\u00e9f\u00e9r\u00e9s, Orelsan sera l\u00e0. <a href=\"https:\/\/www.liberation.fr\/culture\/musique\/orelsan-gagne-davance-20211118_YQAXOQ57QVAWNMIVLW7ASMTDFM\/\" target=\"_blank\" rel=\"noreferrer noopener\" title=\"https:\/\/www.liberation.fr\/culture\/musique\/orelsan-gagne-davance-20211118_YQAXOQ57QVAWNMIVLW7ASMTDFM\/\">Le rappeur-chanteur normand<\/a> s\u2019en est assur\u00e9 : il a sorti un film, <a href=\"https:\/\/www.liberation.fr\/culture\/cinema\/avec-yoroi-orelsan-en-nigaud-trip-20251028_4JW62BJA5ZAR7BWH4ACELLMLUM\/\" target=\"_blank\" rel=\"noopener\" title=\"https:\/\/www.liberation.fr\/culture\/cinema\/avec-yoroi-orelsan-en-nigaud-trip-20251028_4JW62BJA5ZAR7BWH4ACELLMLUM\/\">Yoro\u00ef<\/a>, paru fin octobre et au succ\u00e8s pour le moment mitig\u00e9, a annonc\u00e9 quelques semaines plus t\u00f4t la tenue de dix Accor Arena d\u2019affil\u00e9e en d\u00e9cembre 2026 (\u00abseule Myl\u00e8ne Farmer a fait mieux !\u00bb), et sort d\u00e9sormais La Fuite en avant, son cinqui\u00e8me album qui, au milieu du menu king size concoct\u00e9 par ce mec normal devenu mastoc, fait office d\u2019accompagnement, de produit d\u2019appel, la musique en l\u2019occurrence, auquel s\u2019ajoutent autres mets et produits d\u00e9riv\u00e9s.<\/p>\n<p class=\"sc-cPiKLX AiZTS text-element\">Et honn\u00eatement, en cette cl\u00f4ture de rentr\u00e9e musicale 2025 durant laquelle le rap fran\u00e7ais s\u2019est fait tout petit, on prend. Parce qu\u2019avec Orelsan, il y a toujours quelque chose apr\u00e8s le virage. Un plot twist, un concept, une pirouette, un truc qui nous pousse \u00e0 dire que malgr\u00e9 l\u2019\u00e9ni\u00e8me \u00e9pisode du typ<\/p>\n","protected":false},"excerpt":{"rendered":"Impossible d\u2019y \u00e9chapper. Sur grand \u00e9cran, sur toutes les sc\u00e8nes de France, \u00e0 la t\u00e9l\u00e9, et dans vos&hellip;\n","protected":false},"author":2,"featured_media":518645,"comment_status":"","ping_status":"","sticky":false,"template":"","format":"standard","meta":{"footnotes":""},"categories":[1355],"tags":[58,59,1011,27,1361,873,22600],"class_list":{"0":"post-518644","1":"post","2":"type-post","3":"status-publish","4":"format-standard","5":"has-post-thumbnail","7":"category-musique","8":"tag-divertissement","9":"tag-entertainment","10":"tag-fr","11":"tag-france","12":"tag-music","13":"tag-musique","14":"tag-rap-hip-hop"},"share_on_mastodon":{"url":"https:\/\/pubeurope.com\/@fr\/115509441680401027","error":""},"_links":{"self":[{"href":"https:\/\/www.europesays.com\/fr\/wp-json\/wp\/v2\/posts\/518644","targetHints":{"allow":["GET"]}}],"collection":[{"href":"https:\/\/www.europesays.com\/fr\/wp-json\/wp\/v2\/posts"}],"about":[{"href":"https:\/\/www.europesays.com\/fr\/wp-json\/wp\/v2\/types\/post"}],"author":[{"embeddable":true,"href":"https:\/\/www.europesays.com\/fr\/wp-json\/wp\/v2\/users\/2"}],"replies":[{"embeddable":true,"href":"https:\/\/www.europesays.com\/fr\/wp-json\/wp\/v2\/comments?post=518644"}],"version-history":[{"count":0,"href":"https:\/\/www.europesays.com\/fr\/wp-json\/wp\/v2\/posts\/518644\/revisions"}],"wp:featuredmedia":[{"embeddable":true,"href":"https:\/\/www.europesays.com\/fr\/wp-json\/wp\/v2\/media\/518645"}],"wp:attachment":[{"href":"https:\/\/www.europesays.com\/fr\/wp-json\/wp\/v2\/media?parent=518644"}],"wp:term":[{"taxonomy":"category","embeddable":true,"href":"https:\/\/www.europesays.com\/fr\/wp-json\/wp\/v2\/categories?post=518644"},{"taxonomy":"post_tag","embeddable":true,"href":"https:\/\/www.europesays.com\/fr\/wp-json\/wp\/v2\/tags?post=518644"}],"curies":[{"name":"wp","href":"https:\/\/api.w.org\/{rel}","templated":true}]}}