{"id":518646,"date":"2025-11-07T16:49:10","date_gmt":"2025-11-07T16:49:10","guid":{"rendered":"https:\/\/www.europesays.com\/fr\/518646\/"},"modified":"2025-11-07T16:49:10","modified_gmt":"2025-11-07T16:49:10","slug":"presque-quarante-ans-apres-le-grand-bleu-ses-emouvantes-retrouvailles-avec-jean-marc-barr","status":"publish","type":"post","link":"https:\/\/www.europesays.com\/fr\/518646\/","title":{"rendered":"presque quarante ans apr\u00e8s \u00ab\u00a0Le Grand Bleu\u00a0\u00bb, ses \u00e9mouvantes retrouvailles avec Jean-Marc Barr,"},"content":{"rendered":"<p class=\"intro\">Honor\u00e9 au 10e Festival International du Film de Com\u00e9die de Li\u00e8ge, en Belgique, ces derniers jours, Jean Reno a eu le plaisir de retrouver Jean-Marc Barr, pr\u00e8s de quarante ans apr\u00e8s \u00ab\u00a0Le Grand Bleu\u00a0\u00bb (1988), de Luc Besson.<\/p>\n<p>Quand on pense \u00e0 <a href=\"https:\/\/www.parismatch.com\/bio\/jean-reno\" rel=\"nofollow noopener\" target=\"_blank\">Jean Reno<\/a>, on pense d\u2019abord au \u00ab\u00a0Nikita\u00a0\u00bb (1990) et \u00e0 \u00ab\u00a0L\u00e9on\u00a0\u00bb (1994), de Luc Besson, aux \u00ab\u00a0Rivi\u00e8res pourpres\u00a0\u00bb (2000), de Mathieu Kassovitz, au \u00ab\u00a0Da Vinci Code\u00a0\u00bb (2006), de Ron Howard. Des thrillers et des drames. Mais\u00a0 l\u2019acteur fran\u00e7ais a aussi excell\u00e9 dans le registre comique, en premier lieu avec \u00ab\u00a0Les visiteurs\u00a0\u00bb (1993), de Jean-Marie Poir\u00e9, et ses suites (1998, 2001, 2016), ou encore \u00ab\u00a0L\u2019op\u00e9ration Corned Beef\u00a0\u00bb (1991) et \u00ab\u00a0La Panth\u00e8re Rose\u00a0\u00bb (2006). Bref, Jean Reno est aussi un acteur de com\u00e9die. Et, pour \u00e7a, il a \u00e9t\u00e9 honor\u00e9 au 10e Festival du Film de Com\u00e9die de Li\u00e8ge, en Belgique.<\/p>\n<p>Jean Reno \u00e9tait donc convi\u00e9 \u00e0 la c\u00e9r\u00e9monie d\u2019ouverture du festival, mercredi 5\u00a0novembre 2025, pour recevoir un prix r\u00e9compensant l\u2019ensemble de sa carri\u00e8re. Mais, avant de se voir remettre le troph\u00e9e, des mains de <a href=\"https:\/\/www.parismatch.com\/People\/jean-reno-sentoure-de-sa-sublime-femme-zofia-et-de-leur-jeune-fils-cielo-16-ans-et-deja-bien-grand-258703\" rel=\"nofollow noopener\" target=\"_blank\">son \u00e9pouse Zofia Borucka<\/a>, il a eu l\u2019\u00e9mouvante surprise d\u2019\u00eatre rejoint sur la sc\u00e8ne du Forum de Li\u00e8ge par Jean-Marie Poir\u00e9, qui l\u2019a dirig\u00e9 sur plusieurs films, mais aussi de <a href=\"https:\/\/www.parismatch.com\/Vivre\/Voyage\/Jean-Marc-Barr-aux-sources-du-Grand-Bleu-1514165\" rel=\"nofollow noopener\" target=\"_blank\">Jean-Marc Barr, son partenaire de jeu dans \u00ab\u00a0Le Grand Bleu\u00a0\u00bb (1988)<\/a>, de Luc Besson, qu\u2019il n\u2019a pas souvent crois\u00e9 depuis le tournage du film culte. \u00ab\u00a0Je suis si heureux de te voir\u00a0\u00bb, a gliss\u00e9 Jean Reno, en tombant dans les bras de Jean-Marc Barr, qui a \u00e9galement r\u00e9pondu pr\u00e9sent \u00e0 l\u2019inauguration d\u2019une plaque au nom de l\u2019acteur\u00a0Li\u00e8ge.<\/p>\n<p>    La suite apr\u00e8s cette publicit\u00e9<\/p>\n<p>\u00ab\u00a0Le Grand Bleu\u00a0\u00bb, des hu\u00e9es au succ\u00e8s<\/p>\n<p>Librement inspir\u00e9 des vies de Jacques Mayol (interpr\u00e9t\u00e9 par Jean-Marc Barr) et Enzo Maiorca (Jean Reno), champions de plong\u00e9e en apn\u00e9e, qui se sont battus pour le record en apn\u00e9e no limit, \u00ab\u00a0Le Grand Bleu\u00a0\u00bb n\u2019a pas convaincu les spectateurs du Festival de Cannes, o\u00f9 il a \u00e9t\u00e9 pr\u00e9sent\u00e9 en avant-premi\u00e8re lors de la c\u00e9r\u00e9monie d\u2019ouverture en 1988. Malgr\u00e9 les premi\u00e8res critiques (tr\u00e8s) n\u00e9gatives, le film a rencontr\u00e9 <a href=\"https:\/\/www.parismatch.com\/Culture\/Cinema\/1988-1978-30-bougies-pour-le-Grand-bleu-le-film-d-une-generation-1509713\" rel=\"nofollow noopener\" target=\"_blank\">un immense succ\u00e8s en salles<\/a>, avec 9,2\u00a0millions de spectateurs &#8211; soit le record au box-office de l\u2019ann\u00e9e 1988, puis un succ\u00e8s professionnel en remportant deux C\u00e9sar en 1989 (meilleure musique et meilleur son). Nomm\u00e9s pour le prix du meilleur acteur et du meilleur acteur dans un second r\u00f4le, ni Jean-Marc Barr, ni Jean Reno n\u2019ont \u00e9t\u00e9 r\u00e9compens\u00e9s.<\/p>\n","protected":false},"excerpt":{"rendered":"Honor\u00e9 au 10e Festival International du Film de Com\u00e9die de Li\u00e8ge, en Belgique, ces derniers jours, Jean Reno&hellip;\n","protected":false},"author":2,"featured_media":518647,"comment_status":"","ping_status":"","sticky":false,"template":"","format":"standard","meta":{"footnotes":""},"categories":[1354],"tags":[58,59,1346,1011,27,1360],"class_list":{"0":"post-518646","1":"post","2":"type-post","3":"status-publish","4":"format-standard","5":"has-post-thumbnail","7":"category-films","8":"tag-divertissement","9":"tag-entertainment","10":"tag-films","11":"tag-fr","12":"tag-france","13":"tag-movies"},"share_on_mastodon":{"url":"https:\/\/pubeurope.com\/@fr\/115509445659032687","error":""},"_links":{"self":[{"href":"https:\/\/www.europesays.com\/fr\/wp-json\/wp\/v2\/posts\/518646","targetHints":{"allow":["GET"]}}],"collection":[{"href":"https:\/\/www.europesays.com\/fr\/wp-json\/wp\/v2\/posts"}],"about":[{"href":"https:\/\/www.europesays.com\/fr\/wp-json\/wp\/v2\/types\/post"}],"author":[{"embeddable":true,"href":"https:\/\/www.europesays.com\/fr\/wp-json\/wp\/v2\/users\/2"}],"replies":[{"embeddable":true,"href":"https:\/\/www.europesays.com\/fr\/wp-json\/wp\/v2\/comments?post=518646"}],"version-history":[{"count":0,"href":"https:\/\/www.europesays.com\/fr\/wp-json\/wp\/v2\/posts\/518646\/revisions"}],"wp:featuredmedia":[{"embeddable":true,"href":"https:\/\/www.europesays.com\/fr\/wp-json\/wp\/v2\/media\/518647"}],"wp:attachment":[{"href":"https:\/\/www.europesays.com\/fr\/wp-json\/wp\/v2\/media?parent=518646"}],"wp:term":[{"taxonomy":"category","embeddable":true,"href":"https:\/\/www.europesays.com\/fr\/wp-json\/wp\/v2\/categories?post=518646"},{"taxonomy":"post_tag","embeddable":true,"href":"https:\/\/www.europesays.com\/fr\/wp-json\/wp\/v2\/tags?post=518646"}],"curies":[{"name":"wp","href":"https:\/\/api.w.org\/{rel}","templated":true}]}}