{"id":518656,"date":"2025-11-07T16:54:11","date_gmt":"2025-11-07T16:54:11","guid":{"rendered":"https:\/\/www.europesays.com\/fr\/518656\/"},"modified":"2025-11-07T16:54:11","modified_gmt":"2025-11-07T16:54:11","slug":"mort-de-louis-schweitzer-le-pdg-qui-a-transforme-renault-liberation","status":"publish","type":"post","link":"https:\/\/www.europesays.com\/fr\/518656\/","title":{"rendered":"Mort de Louis Schweitzer, le PDG qui a transform\u00e9 Renault \u2013 Lib\u00e9ration"},"content":{"rendered":"<p class=\"sc-cPiKLX AiZTS text-element\">D\u00e9finition m\u00eame du \u00abpatron de gauche\u00bb \u00e0 la fran\u00e7aise \u2013 esp\u00e8ce devenue rare au XXIe si\u00e8cle \u2013 et grand serviteur de l\u2019Etat devant l\u2019\u00e9ternel auquel il ne croyait pas, l\u2019ancien PDG de Renault Louis Schweitzer est mort \u00e0 l\u2019\u00e2ge de 83 ans, a-t-on appris ce vendredi par sa famille. Avec sa silhouette longiligne toujours cintr\u00e9e dans un costume gris impeccable, son air s\u00e9rieux et ses lunettes d\u2019\u00e9caille rehaussant son air d\u2019\u00e9ternel premier de la classe, il aura marqu\u00e9 trente ans d\u2019histoire politique et \u00e9conomique du pays, en incarnant avec d\u2019autres jeunes hauts fonctionnaires proches du PS, comme <a href=\"https:\/\/www.liberation.fr\/futurs\/2006\/07\/03\/louis-gallois-le-roi-du-rail-prend-l-air_44880\/\" target=\"_blank\" rel=\"noopener\" title=\"https:\/\/www.liberation.fr\/futurs\/2006\/07\/03\/louis-gallois-le-roi-du-rail-prend-l-air_44880\/\">Louis Gallois<\/a>, la conversion <a href=\"https:\/\/www.liberation.fr\/portrait\/1997\/05\/05\/louis-schweitzer-55-ans-pdg-de-renault-homme-de-gauche-s-est-montre-peu-social-en-annoncant-la-fin-d_206604\/\" target=\"_blank\" rel=\"noopener\" title=\"https:\/\/www.liberation.fr\/portrait\/1997\/05\/05\/louis-schweitzer-55-ans-pdg-de-renault-homme-de-gauche-s-est-montre-peu-social-en-annoncant-la-fin-d_206604\/\">de la social-d\u00e9mocratie au \u00abr\u00e9alisme\u00bb<\/a> et \u00e0 l\u2019\u00e9conomie de march\u00e9, dans le sillage du 10 mai 1981 et de l\u2019accession de la gauche au pouvoir.<\/p>\n<p class=\"sc-cPiKLX AiZTS text-element\">En montrant aussi qu\u2019un \u00e9narque de la promotion Robespierre, celle de l\u2019apr\u00e8s Mai 68, d\u2019extraction bourgeoise mais \u00e9tranger au monde de l\u2019argent et aux r\u00e9<\/p>\n","protected":false},"excerpt":{"rendered":"D\u00e9finition m\u00eame du \u00abpatron de gauche\u00bb \u00e0 la fran\u00e7aise \u2013 esp\u00e8ce devenue rare au XXIe si\u00e8cle \u2013 et&hellip;\n","protected":false},"author":2,"featured_media":518657,"comment_status":"","ping_status":"","sticky":false,"template":"","format":"standard","meta":{"footnotes":""},"categories":[6],"tags":[35,33,34,1011,27,10651],"class_list":{"0":"post-518656","1":"post","2":"type-post","3":"status-publish","4":"format-standard","5":"has-post-thumbnail","7":"category-economie","8":"tag-business","9":"tag-economie","10":"tag-economy","11":"tag-fr","12":"tag-france","13":"tag-renault"},"share_on_mastodon":{"url":"https:\/\/pubeurope.com\/@fr\/115509465477570869","error":""},"_links":{"self":[{"href":"https:\/\/www.europesays.com\/fr\/wp-json\/wp\/v2\/posts\/518656","targetHints":{"allow":["GET"]}}],"collection":[{"href":"https:\/\/www.europesays.com\/fr\/wp-json\/wp\/v2\/posts"}],"about":[{"href":"https:\/\/www.europesays.com\/fr\/wp-json\/wp\/v2\/types\/post"}],"author":[{"embeddable":true,"href":"https:\/\/www.europesays.com\/fr\/wp-json\/wp\/v2\/users\/2"}],"replies":[{"embeddable":true,"href":"https:\/\/www.europesays.com\/fr\/wp-json\/wp\/v2\/comments?post=518656"}],"version-history":[{"count":0,"href":"https:\/\/www.europesays.com\/fr\/wp-json\/wp\/v2\/posts\/518656\/revisions"}],"wp:featuredmedia":[{"embeddable":true,"href":"https:\/\/www.europesays.com\/fr\/wp-json\/wp\/v2\/media\/518657"}],"wp:attachment":[{"href":"https:\/\/www.europesays.com\/fr\/wp-json\/wp\/v2\/media?parent=518656"}],"wp:term":[{"taxonomy":"category","embeddable":true,"href":"https:\/\/www.europesays.com\/fr\/wp-json\/wp\/v2\/categories?post=518656"},{"taxonomy":"post_tag","embeddable":true,"href":"https:\/\/www.europesays.com\/fr\/wp-json\/wp\/v2\/tags?post=518656"}],"curies":[{"name":"wp","href":"https:\/\/api.w.org\/{rel}","templated":true}]}}