{"id":51866,"date":"2025-04-25T13:37:08","date_gmt":"2025-04-25T13:37:08","guid":{"rendered":"https:\/\/www.europesays.com\/fr\/51866\/"},"modified":"2025-04-25T13:37:08","modified_gmt":"2025-04-25T13:37:08","slug":"linde-deploie-son-nouveau-porte-avions-lins-vikrant-et-envoie-un-signalement-strategique-au-pakistan","status":"publish","type":"post","link":"https:\/\/www.europesays.com\/fr\/51866\/","title":{"rendered":"L\u2019Inde d\u00e9ploie son nouveau porte-avions, l\u2019INS Vikrant, et envoie un signalement strat\u00e9gique au Pakistan"},"content":{"rendered":"<p>                             Par     <a class=\"fig-content-metas__author\" href=\"https:\/\/www.lefigaro.fr\/auteur\/alexis-feertchak\" rel=\"author noopener\" target=\"_blank\">Alexis Feertchak<\/a><\/p>\n<p>\n            Publi\u00e9<br \/>\n                le 25 avril 2025 \u00e0 14h30,<br \/>\n                 mis \u00e0 jour le 25 avril 2025 \u00e0 15h04<\/p>\n<p>\u00a0\u00bb<br \/>\n        data-script=\u00a0\u00bbhttps:\/\/static.lefigaro.fr\/widget-video\/short-ttl\/video\/index.js\u00a0\u00bb<br \/>\n    &gt;<\/p>\n<p>Le premier porte-a\u00e9ronefs made in India et son groupe a\u00e9ronaval ont quitt\u00e9 leur port d\u2019attache alors que les tensions montent entre New Delhi et Islamabad apr\u00e8s une attaque terroriste meurtri\u00e8re au Cachemire.<\/p>\n<p class=\"fig-paragraph\">\u00abJeudi habituel.\u00bb C\u2019est par un \u00abunderstatement\u00bb que la marine indienne a publi\u00e9 sur Instagram le 24 avril dans la soir\u00e9e une image repr\u00e9sentant le porte-avions INS Vikrant et son escorte longer la c\u00f4te indienne en direction de la haute mer. \u00abFlotte en formation, force en action\u00bb, peut-on lire dans un commentaire succinct. En r\u00e9alit\u00e9, il ne s\u2019agit pas tout \u00e0 fait d\u2019un \u00abjeudi habituel\u00bb, alors que\u00a0<a href=\"http:\/\/www.lefigaro.fr\/international\/attaque-meurtriere-au-cachemire-les-responsables-pakistanais-reunis-pour-decider-de-la-reponse-a-l-inde-20250424\" data-fig-type=\"NewsFlash\" data-gtm-custom-categorie=\"navigation\" data-gtm-custom-action=\"crossclick\" data-gtm-custom-label=\"Contextuel\" data-gtm-event=\"customEventSPE\" data-fig-domain=\"LEFIGARO\" target=\"_blank\" rel=\"noopener\">les tensions grimpent nettement entre New Delhi et Islamabad<\/a>\u00a0apr\u00e8s une attaque terroriste meurtri\u00e8re qui a caus\u00e9, mardi, la mort de 26 civils indiens au Cachemire, r\u00e9gion partag\u00e9e en 1947 entre les deux pays, qui continuent de la revendiquer en int\u00e9gralit\u00e9. L\u2019Inde soup\u00e7onne le Pakistan de ne pas \u00eatre \u00e9tranger \u00e0 cette attaque qui aurait \u00e9t\u00e9 commise par le groupe djihadiste Lashkar-e-Taiba (LeT).<\/p>\n<p class=\"fig-paragraph\">Des images satellitaires r\u00e9v\u00e8lent que le groupe a\u00e9ronaval, qui a appareill\u00e9 depuis la base de Kadamba au sud de Goa, se trouvait d\u00e8s le 23 avril en mer d\u2019Arabie \u00e0 seulement 600 ou 700 kilom\u00e8tres des c\u00f4tes pakistanaises, relativement enclav\u00e9es au nord de cette vaste zone maritime bord\u00e9e \u00e0 l\u2019est par l\u2019Inde et \u00e0 l\u2019ouest par la p\u00e9ninsule arabique.<\/p>\n<p>    Image du groupe a\u00e9ronavale publi\u00e9e par la Marine indienne.<br \/>\n                Instagram<\/p>\n<p class=\"fig-paragraph\">La photographie publi\u00e9e par la marine indienne montre que le porte-a\u00e9ronefs INS Vikrant est accompagn\u00e9 par au moins quatre fr\u00e9gates et destroyers, un format habituel pour l\u2019escorte de ce navire qui fait la fiert\u00e9 du pays. Admis au service actif en septembre 2022, ce navire de 45.000 tonnes est le premier porte-avions \u00abmade in India\u00bb de la flotte indienne, qui vient s\u2019ajouter \u00e0 l\u2019INS Vikramaditya, un ex-porte-a\u00e9ronefs sovi\u00e9tique de classe Kiev remis au go\u00fbt du jour par Moscou dans les ann\u00e9es 2000 et vendu \u00e0 New Delhi. La Russie a \u00e9galement livr\u00e9 \u00e0 l\u2019Inde une quarantaine de chasseurs MiG-29K capables d\u2019\u00eatre d\u00e9ploy\u00e9s depuis ces deux navires qui ne sont pas de \u00abvrais\u00bb porte-avions\u00a0: s\u2019ils disposent bien de brins d\u2019arr\u00eat automatiques pour l\u2019appontage des avions, ils ne poss\u00e8dent pas de catapultes pour leur d\u00e9collage, mais de simples tremplins qui limitent leurs performances.<\/p>\n<p>Signalement strat\u00e9gique<\/p>\n<p class=\"fig-paragraph\">Malgr\u00e9 tout, le d\u00e9ploiement de l\u2019INS Vikrant \u00e0 proximit\u00e9 des c\u00f4tes pakistanaises n\u2019est pas anecdotique. Il ne traduit pas n\u00e9cessairement l\u2019imminence d\u2019une escalade militaire entre les deux puissances nucl\u00e9aires, mais constitue une mise en garde s\u00e9rieuse par New Dehli qui envoie ainsi un signalement strat\u00e9gique \u00e0 Islamabad. Un \u00e9l\u00e9ment de dissuasion qui demeure n\u00e9anmoins de nature conventionnelle puisque les chasseurs embarqu\u00e9s n\u2019emportent pas d\u2019armes nucl\u00e9aires, r\u00e9serv\u00e9s, en Inde, aux missiles intercontinentaux terrestres et aux missiles balistiques tir\u00e9s depuis des sous-marins lanceurs d\u2019engins. Reste que la marine indienne, forte de deux porte-a\u00e9ronefs, de 27 fr\u00e9gates et destroyers, et de 20 sous-marins, est beaucoup plus puissante que son \u00e9quivalente pakistanaise, plus embryonnaire malgr\u00e9 la mise en service r\u00e9cente de quelques navires modernes d\u2019origine turque et chinoise.<\/p>\n<p class=\"fig-paragraph\">Depuis 72 heures, l\u2019Inde exerce une pression maximale sur le Pakistan\u00a0: suspension d\u2019un trait\u00e9 sur le partage des eaux de l\u2019Indus, cruciale pour l\u2019agriculture du pays, la fermeture du principal poste-fronti\u00e8re terrestre et l\u2019expulsion de diplomates. Islamabad, qui a vot\u00e9 des mesures r\u00e9ciproques, a \u00abrejet\u00e9\u00bb les accusations \u00abinfond\u00e9es\u00bb de l\u2019Inde et \u00aba pr\u00e9venu\u00bb qu\u2019il \u00e9tait \u00abpr\u00eat \u00e0 (se) d\u00e9fendre\u00bb, \u00e0 l\u2019issue d\u2019un vote au S\u00e9nat.<\/p>\n<p class=\"fig-body-link\">\n            \u00c0 lire aussi<br \/>\n        <a class=\"fig-body-link__link fig-premium-mark\" href=\"http:\/\/www.lefigaro.fr\/international\/les-incroyables-lecons-nucleaires-des-cours-de-yoga-de-la-marine-indienne-20240814\" target=\"_blank\" data-fig-type=\"NewsFlash\" rel=\"noopener\" data-gtm-custom-categorie=\"navigation\" data-gtm-custom-action=\"crossclick\" data-gtm-custom-label=\"Contextuel\" data-gtm-event=\"customEventSPE\" data-fig-domain=\"LEFIGARO\">Les incroyables le\u00e7ons nucl\u00e9aires des cours de yoga de la Marine indienne<br \/>\n    <\/a>\n<\/p>\n<p class=\"fig-paragraph\">Avant l\u2019aube ce vendredi, des \u00e9changes de tirs ont eu lieu \u00abde poste \u00e0 poste dans la vall\u00e9e de Leepa\u00bb au Cachemire sur la ligne de contr\u00f4le, qui s\u00e9pare la partie pakistanaise de la partie indienne, rapporte l\u2019AFP. L\u2019arm\u00e9e indienne a confirm\u00e9 des tirs brefs \u00e0 l\u2019arme l\u00e9g\u00e8re lanc\u00e9s, selon elle, par le Pakistan et auxquels elle a \u00abr\u00e9pondu efficacement\u00bb. \u00abNous exhortons les deux gouvernements (&#8230;) \u00e0 la retenue maximale et \u00e0 s\u2019assurer que la situation ne se d\u00e9t\u00e9riore pas\u00bb, a d\u00e9clar\u00e9 ce jeudi soir le porte-parole des Nations unies, Stephane Dujarric.<\/p>\n<p class=\"fig-paragraph\">Ces tensions au Cachemire ne sont pas sans pr\u00e9c\u00e9dent\u00a0: en 2019, une attaque terroriste contre un convoi militaire indien avait caus\u00e9 la mort de plus de 40 soldats indiens. Plus d\u2019une dizaine avaient \u00e9t\u00e9 tu\u00e9es en 2016 lors de l\u2019attaque d\u2019une base militaire. Auparavant, en 1947, en 1965 et en 1971, trois guerres ont directement oppos\u00e9 l\u2019Inde et le Pakistan, mais, \u00e0 l\u2019\u00e9poque, aucun des deux pays ne disposait de l\u2019arme nucl\u00e9aire.<\/p>\n","protected":false},"excerpt":{"rendered":"Par Alexis Feertchak Publi\u00e9 le 25 avril 2025 \u00e0 14h30, mis \u00e0 jour le 25 avril 2025 \u00e0&hellip;\n","protected":false},"author":2,"featured_media":51867,"comment_status":"","ping_status":"","sticky":false,"template":"","format":"standard","meta":{"footnotes":""},"categories":[5],"tags":[259,11,260,1011,27,5595,14,261,12,14488,262,28],"class_list":{"0":"post-51866","1":"post","2":"type-post","3":"status-publish","4":"format-standard","5":"has-post-thumbnail","7":"category-international","8":"tag-actualite-internationale","9":"tag-actualites","10":"tag-affaires-etrangeres","11":"tag-fr","12":"tag-france","13":"tag-inde","14":"tag-international","15":"tag-ministere-des-affaires-etrangeres","16":"tag-news","17":"tag-pakistan","18":"tag-politique-etrangere","19":"tag-world"},"share_on_mastodon":{"url":"https:\/\/pubeurope.com\/@fr\/114398877666091398","error":""},"_links":{"self":[{"href":"https:\/\/www.europesays.com\/fr\/wp-json\/wp\/v2\/posts\/51866","targetHints":{"allow":["GET"]}}],"collection":[{"href":"https:\/\/www.europesays.com\/fr\/wp-json\/wp\/v2\/posts"}],"about":[{"href":"https:\/\/www.europesays.com\/fr\/wp-json\/wp\/v2\/types\/post"}],"author":[{"embeddable":true,"href":"https:\/\/www.europesays.com\/fr\/wp-json\/wp\/v2\/users\/2"}],"replies":[{"embeddable":true,"href":"https:\/\/www.europesays.com\/fr\/wp-json\/wp\/v2\/comments?post=51866"}],"version-history":[{"count":0,"href":"https:\/\/www.europesays.com\/fr\/wp-json\/wp\/v2\/posts\/51866\/revisions"}],"wp:featuredmedia":[{"embeddable":true,"href":"https:\/\/www.europesays.com\/fr\/wp-json\/wp\/v2\/media\/51867"}],"wp:attachment":[{"href":"https:\/\/www.europesays.com\/fr\/wp-json\/wp\/v2\/media?parent=51866"}],"wp:term":[{"taxonomy":"category","embeddable":true,"href":"https:\/\/www.europesays.com\/fr\/wp-json\/wp\/v2\/categories?post=51866"},{"taxonomy":"post_tag","embeddable":true,"href":"https:\/\/www.europesays.com\/fr\/wp-json\/wp\/v2\/tags?post=51866"}],"curies":[{"name":"wp","href":"https:\/\/api.w.org\/{rel}","templated":true}]}}