{"id":518660,"date":"2025-11-07T16:56:14","date_gmt":"2025-11-07T16:56:14","guid":{"rendered":"https:\/\/www.europesays.com\/fr\/518660\/"},"modified":"2025-11-07T16:56:14","modified_gmt":"2025-11-07T16:56:14","slug":"faits-divers-la-septuagenaire-disparue-a-mesvres-a-ete-retrouvee","status":"publish","type":"post","link":"https:\/\/www.europesays.com\/fr\/518660\/","title":{"rendered":"Faits divers. La septuag\u00e9naire disparue \u00e0 Mesvres a \u00e9t\u00e9 retrouv\u00e9e"},"content":{"rendered":"<p>La Mesvrienne de 79 ans disparue depuis mercredi a \u00e9t\u00e9 retrouv\u00e9e vivante ce vendredi aux environs de 15\u00a0h\u00a045, dans la for\u00eat non loin de chez elle, lors de la battue lanc\u00e9e peu apr\u00e8s 14 heures.<\/p>\n<p><a href=\"https:\/\/www.lejsl.com\/faits-divers-justice\/2025\/11\/06\/disparition-inquietante-d-une-femme-de-79-ans-les-gendarmes-lancent-un-appel\" target=\"_blank\" rel=\"noopener\">Quatre groupes de personnes s\u2018\u00e9taient constitu\u00e9s<\/a> pour ratisser les alentours de sa maison situ\u00e9e au hameau du Tronchet\u00a0: trois groupes de civils encadr\u00e9s par un gendarme et un groupe de militaires du peloton de surveillance et d\u2019intervention de la gendarmerie. Selon nos informations, le groupe du Psig, qui avait pour mission de fouiller une partie des bois en devers, a retrouv\u00e9 la retrait\u00e9e consciente. Elle a pu d\u00e9cliner son identit\u00e9.<\/p>\n<p>Prise en charge par les pompiers, elle a \u00e9t\u00e9 conduite au centre hospitalier.<\/p>\n","protected":false},"excerpt":{"rendered":"La Mesvrienne de 79 ans disparue depuis mercredi a \u00e9t\u00e9 retrouv\u00e9e vivante ce vendredi aux environs de 15\u00a0h\u00a045,&hellip;\n","protected":false},"author":2,"featured_media":518661,"comment_status":"","ping_status":"","sticky":false,"template":"","format":"standard","meta":{"footnotes":""},"categories":[4],"tags":[11,3676,1690,274,107,1011,27,63912,12,25,6003,63913],"class_list":{"0":"post-518660","1":"post","2":"type-post","3":"status-publish","4":"format-standard","5":"has-post-thumbnail","7":"category-france","8":"tag-actualites","9":"tag-disparition-inquietante","10":"tag-edition-autun","11":"tag-faits-divers-justice","12":"tag-fil-info","13":"tag-fr","14":"tag-france","15":"tag-mesvres","16":"tag-news","17":"tag-republique-francaise","18":"tag-saone-et-loire","19":"tag-sud-morvan"},"share_on_mastodon":{"url":"https:\/\/pubeurope.com\/@fr\/115509473175347167","error":""},"_links":{"self":[{"href":"https:\/\/www.europesays.com\/fr\/wp-json\/wp\/v2\/posts\/518660","targetHints":{"allow":["GET"]}}],"collection":[{"href":"https:\/\/www.europesays.com\/fr\/wp-json\/wp\/v2\/posts"}],"about":[{"href":"https:\/\/www.europesays.com\/fr\/wp-json\/wp\/v2\/types\/post"}],"author":[{"embeddable":true,"href":"https:\/\/www.europesays.com\/fr\/wp-json\/wp\/v2\/users\/2"}],"replies":[{"embeddable":true,"href":"https:\/\/www.europesays.com\/fr\/wp-json\/wp\/v2\/comments?post=518660"}],"version-history":[{"count":0,"href":"https:\/\/www.europesays.com\/fr\/wp-json\/wp\/v2\/posts\/518660\/revisions"}],"wp:featuredmedia":[{"embeddable":true,"href":"https:\/\/www.europesays.com\/fr\/wp-json\/wp\/v2\/media\/518661"}],"wp:attachment":[{"href":"https:\/\/www.europesays.com\/fr\/wp-json\/wp\/v2\/media?parent=518660"}],"wp:term":[{"taxonomy":"category","embeddable":true,"href":"https:\/\/www.europesays.com\/fr\/wp-json\/wp\/v2\/categories?post=518660"},{"taxonomy":"post_tag","embeddable":true,"href":"https:\/\/www.europesays.com\/fr\/wp-json\/wp\/v2\/tags?post=518660"}],"curies":[{"name":"wp","href":"https:\/\/api.w.org\/{rel}","templated":true}]}}