{"id":518667,"date":"2025-11-07T17:00:29","date_gmt":"2025-11-07T17:00:29","guid":{"rendered":"https:\/\/www.europesays.com\/fr\/518667\/"},"modified":"2025-11-07T17:00:29","modified_gmt":"2025-11-07T17:00:29","slug":"le-theme-du-nouveau-son-et-lumiere-devoile","status":"publish","type":"post","link":"https:\/\/www.europesays.com\/fr\/518667\/","title":{"rendered":"le th\u00e8me du nouveau son et lumi\u00e8re d\u00e9voil\u00e9"},"content":{"rendered":"<p>            Par<br \/>\n        <strong><br \/>\n            <a href=\"https:\/\/actu.fr\/auteur\/amandine-mehl\" title=\"Consulter tous les articles de Amandine Mehl\" target=\"_blank\" rel=\"noopener\">Amandine Mehl<\/a><br \/>\n        <\/strong><\/p>\n<p>        Publi\u00e9 le<\/p>\n<p>            7 nov. 2025 \u00e0 17h47        <\/p>\n<p>Cette ann\u00e9e, lors des F\u00eates de <a href=\"https:\/\/actu.fr\/tag\/saint-nicolas\" target=\"_blank\" rel=\"noopener\">Saint-Nicolas<\/a>, qui se d\u00e9rouleront <strong>du 21 novembre au 4 janvier 2026<\/strong>, Nanc\u00e9iens et touristes pourront d\u00e9couvrir un <strong>nouveau son et lumi\u00e8re<\/strong> qui sera projet\u00e9 chaque jour, <a href=\"https:\/\/actu.fr\/tag\/place-stanislas\" target=\"_blank\" rel=\"noopener\">place Stanislas<\/a>.<\/p>\n<p class=\" wall-content\">Propos\u00e9e par la soci\u00e9t\u00e9 AV Extended, la cr\u00e9ation <strong>La l\u00e9gende de Saint-Nicolas<\/strong> revisitera la l\u00e9gende originelle \u00e0 travers l\u2019esth\u00e9tique du \u00ab\u00a0<strong>pixel art<\/strong>\u00ab\u00a0.<\/p>\n<p>Un mapping sur la l\u00e9gende de Saint-Nicolas inspir\u00e9 des jeux vid\u00e9o<\/p>\n<p class=\" wall-content\">D\u2019une dur\u00e9e d\u2019<strong>environ 10 minutes<\/strong>, le mapping sera projet\u00e9 sur la fa\u00e7ade de l\u2019H\u00f4tel de Ville et mettra en sc\u00e8ne l\u2019ensemble des personnages qui entourent la <a href=\"https:\/\/actu.fr\/societe\/la-question-pas-si-bete-d-ou-vient-la-legende-de-saint-nicolas_47001493.html\" target=\"_blank\" rel=\"noopener\">l\u00e9gende de Saint-Nicolas<\/a>.\u00a0<\/p>\n<p class=\" wall-content\">L\u2019approche choisie, qui s\u2019inspire des premiers <a href=\"https:\/\/actu.fr\/tag\/jeux-video\" target=\"_blank\" rel=\"noopener\">jeux vid\u00e9o<\/a> et de la <strong>culture num\u00e9rique<\/strong>, transposera le r\u00e9cit dans un langage visuel contemporain. \u00ab\u00a0L\u2019histoire m\u00e9di\u00e9vale des trois enfants et du \u00ab\u00a0protecteur des enfants\u00a0\u00bb deviendra une fresque anim\u00e9e qui jouera <strong>les codes du 8-bit et du r\u00e9tro-gaming\u00a0\u00bb<\/strong>, d\u00e9taille la Ville de Nancy.<\/p>\n<p>Le r\u00e9cit de Saint-Nicolas divis\u00e9 en sept tableaux<\/p>\n<p class=\" wall-content\">Le r\u00e9cit sera d\u00e9ploy\u00e9 en <strong>sept tableaux<\/strong>, qui proposeront chacun une <strong>atmosph\u00e8re singuli\u00e8re<\/strong> jouant sur la couleur, le rythme et l\u2019imaginaire pixelis\u00e9.\u00a0<\/p>\n<p class=\" wall-content\">Une <strong>voix off<\/strong> contant la l\u00e9gende du patron des Lorrains, ainsi qu\u2019un <strong>univers sonore toujours autour des jeux vid\u00e9o<\/strong>, accompagnera l\u2019aspect visuel.<\/p>\n<p>Votre r\u00e9gion, votre actu !<\/p>\n<p>Recevez chaque jour les infos qui comptent pour vous.<\/p>\n<p>\t<a href=\"https:\/\/actu.fr\/newsletter\" class=\"ac-btn ac-btn--corner ac-btn--medium ac-btn--blue800\" target=\"_blank\" rel=\"noopener\">S&rsquo;incrire<\/a><\/p>\n<p>Horaires :\u00a0<br \/>19h35 pour le lancement des festivit\u00e9s le vendredi 21 novembre.<br \/>19h15 lors de la course \u00e9tudiante de Saint-Nicolas le mercredi 26 novembre.<br \/>\u00c0 la fin du d\u00e9fil\u00e9 le samedi 6 d\u00e9cembre.<br \/>18h du dimanche au jeudi.<br \/>18h et 19h les vendredis, samedis et chaque jour durant les vacances scolaires.<\/p>\n<p class=\" wall-content\">Personnalisez votre actualit\u00e9 en ajoutant vos villes et m\u00e9dias en favori avec <a href=\"https:\/\/moncompte.actu.fr\" title=\"D\u00e9couvez Mon Actu\" rel=\"nofollow noopener\" data-trk=\"{&quot;cta&quot;:{&quot;action&quot;:&quot;https:\\\/\\\/moncompte.actu.fr&quot;,&quot;category&quot;:&quot;mon compte&quot;,&quot;from&quot;:&quot;article footer&quot;,&quot;name&quot;:&quot;Mon actu&quot;,&quot;type&quot;:&quot;cta&quot;}}\" target=\"_blank\">Mon Actu<\/a>.<\/p>\n","protected":false},"excerpt":{"rendered":"Par Amandine Mehl Publi\u00e9 le 7 nov. 2025 \u00e0 17h47 Cette ann\u00e9e, lors des F\u00eates de Saint-Nicolas, qui&hellip;\n","protected":false},"author":2,"featured_media":518668,"comment_status":"","ping_status":"","sticky":false,"template":"","format":"standard","meta":{"footnotes":""},"categories":[9635],"tags":[1111,11,1777,674,1011,27,775,1036,1702,12,25,14334,104],"class_list":{"0":"post-518667","1":"post","2":"type-post","3":"status-publish","4":"format-standard","5":"has-post-thumbnail","7":"category-nancy","8":"tag-actu","9":"tag-actualites","10":"tag-eu","11":"tag-europe","12":"tag-fr","13":"tag-france","14":"tag-grand-est","15":"tag-jeux-video","16":"tag-nancy","17":"tag-news","18":"tag-republique-francaise","19":"tag-saint-nicolas","20":"tag-societe"},"share_on_mastodon":{"url":"https:\/\/pubeurope.com\/@fr\/115509488692360611","error":""},"_links":{"self":[{"href":"https:\/\/www.europesays.com\/fr\/wp-json\/wp\/v2\/posts\/518667","targetHints":{"allow":["GET"]}}],"collection":[{"href":"https:\/\/www.europesays.com\/fr\/wp-json\/wp\/v2\/posts"}],"about":[{"href":"https:\/\/www.europesays.com\/fr\/wp-json\/wp\/v2\/types\/post"}],"author":[{"embeddable":true,"href":"https:\/\/www.europesays.com\/fr\/wp-json\/wp\/v2\/users\/2"}],"replies":[{"embeddable":true,"href":"https:\/\/www.europesays.com\/fr\/wp-json\/wp\/v2\/comments?post=518667"}],"version-history":[{"count":0,"href":"https:\/\/www.europesays.com\/fr\/wp-json\/wp\/v2\/posts\/518667\/revisions"}],"wp:featuredmedia":[{"embeddable":true,"href":"https:\/\/www.europesays.com\/fr\/wp-json\/wp\/v2\/media\/518668"}],"wp:attachment":[{"href":"https:\/\/www.europesays.com\/fr\/wp-json\/wp\/v2\/media?parent=518667"}],"wp:term":[{"taxonomy":"category","embeddable":true,"href":"https:\/\/www.europesays.com\/fr\/wp-json\/wp\/v2\/categories?post=518667"},{"taxonomy":"post_tag","embeddable":true,"href":"https:\/\/www.europesays.com\/fr\/wp-json\/wp\/v2\/tags?post=518667"}],"curies":[{"name":"wp","href":"https:\/\/api.w.org\/{rel}","templated":true}]}}