{"id":518669,"date":"2025-11-07T17:02:16","date_gmt":"2025-11-07T17:02:16","guid":{"rendered":"https:\/\/www.europesays.com\/fr\/518669\/"},"modified":"2025-11-07T17:02:16","modified_gmt":"2025-11-07T17:02:16","slug":"les-espoirs-face-au-leader-choletais","status":"publish","type":"post","link":"https:\/\/www.europesays.com\/fr\/518669\/","title":{"rendered":"les espoirs face au leader choletais"},"content":{"rendered":"<p>   SLUC &#8211; Cholet Ce samedi, 14h <\/p>\n<p>\u00c0 nouveau battus \u00e0 Strasbourg le week-end dernier (88-54), les espoirs du SLUC semblent emp\u00eatr\u00e9s dans un d\u00e9but de saison bien compliqu\u00e9. Apr\u00e8s six journ\u00e9es de championnat, la nouvelle formation dirig\u00e9e par Pierre Verdi\u00e8re n\u2019est parvenue \u00e0 empocher qu\u2019une victoire (face \u00e0 Limoges), pointe \u00e0 la derni\u00e8re place du classement des attaques (65,8 points de moyenne) et \u00e0 l\u2019avant-derni\u00e8re pour ce qui concerne les balles perdues (21,8).<\/p>\n<p>\u00c0 la recherche d\u2019un peu de stabilit\u00e9 dans le jeu et d\u2019une petite s\u00e9rie de succ\u00e8s qui pourrait lancer sa saison, le SLUC va sans doute conna\u00eetre un autre samedi difficile, avec la r\u00e9ception du centre de formation de Cholet, leader invaincu (6v &#8211; 0d). Et si un exploit ce samedi apr\u00e8s-midi servait de d\u00e9clic\u2026<\/p>\n","protected":false},"excerpt":{"rendered":"SLUC &#8211; Cholet Ce samedi, 14h \u00c0 nouveau battus \u00e0 Strasbourg le week-end dernier (88-54), les espoirs du&hellip;\n","protected":false},"author":2,"featured_media":518670,"comment_status":"","ping_status":"","sticky":false,"template":"","format":"standard","meta":{"footnotes":""},"categories":[9635],"tags":[1111,11,1791,1704,1777,674,1011,27,775,1702,1703,12,25,11567,517,1700],"class_list":{"0":"post-518669","1":"post","2":"type-post","3":"status-publish","4":"format-standard","5":"has-post-thumbnail","7":"category-nancy","8":"tag-actu","9":"tag-actualites","10":"tag-basket-ball","11":"tag-edition-nancy-et-agglomeration","12":"tag-eu","13":"tag-europe","14":"tag-fr","15":"tag-france","16":"tag-grand-est","17":"tag-nancy","18":"tag-nancy-ville-54b","19":"tag-news","20":"tag-republique-francaise","21":"tag-sluc","22":"tag-sport","23":"tag-sport-lorrain"},"share_on_mastodon":{"url":"https:\/\/pubeurope.com\/@fr\/115509496733745577","error":""},"_links":{"self":[{"href":"https:\/\/www.europesays.com\/fr\/wp-json\/wp\/v2\/posts\/518669","targetHints":{"allow":["GET"]}}],"collection":[{"href":"https:\/\/www.europesays.com\/fr\/wp-json\/wp\/v2\/posts"}],"about":[{"href":"https:\/\/www.europesays.com\/fr\/wp-json\/wp\/v2\/types\/post"}],"author":[{"embeddable":true,"href":"https:\/\/www.europesays.com\/fr\/wp-json\/wp\/v2\/users\/2"}],"replies":[{"embeddable":true,"href":"https:\/\/www.europesays.com\/fr\/wp-json\/wp\/v2\/comments?post=518669"}],"version-history":[{"count":0,"href":"https:\/\/www.europesays.com\/fr\/wp-json\/wp\/v2\/posts\/518669\/revisions"}],"wp:featuredmedia":[{"embeddable":true,"href":"https:\/\/www.europesays.com\/fr\/wp-json\/wp\/v2\/media\/518670"}],"wp:attachment":[{"href":"https:\/\/www.europesays.com\/fr\/wp-json\/wp\/v2\/media?parent=518669"}],"wp:term":[{"taxonomy":"category","embeddable":true,"href":"https:\/\/www.europesays.com\/fr\/wp-json\/wp\/v2\/categories?post=518669"},{"taxonomy":"post_tag","embeddable":true,"href":"https:\/\/www.europesays.com\/fr\/wp-json\/wp\/v2\/tags?post=518669"}],"curies":[{"name":"wp","href":"https:\/\/api.w.org\/{rel}","templated":true}]}}