{"id":518671,"date":"2025-11-07T17:03:16","date_gmt":"2025-11-07T17:03:16","guid":{"rendered":"https:\/\/www.europesays.com\/fr\/518671\/"},"modified":"2025-11-07T17:03:16","modified_gmt":"2025-11-07T17:03:16","slug":"armee-dun-couteau-elle-seme-la-panique-dans-une-rue-de-six-fours","status":"publish","type":"post","link":"https:\/\/www.europesays.com\/fr\/518671\/","title":{"rendered":"arm\u00e9e d&rsquo;un couteau, elle s\u00e8me la panique dans une rue de Six-Fours"},"content":{"rendered":"<p>            Par<br \/>\n        <strong><br \/>\n            <a href=\"https:\/\/actu.fr\/auteur\/guillemette-herve\" title=\"Consulter tous les articles de Agence de presse APEI\" rel=\"nofollow noopener\" target=\"_blank\">Agence de presse APEI<\/a><br \/>\n        <\/strong><\/p>\n<p>        Publi\u00e9 le<\/p>\n<p>            7 nov. 2025 \u00e0 11h52        <\/p>\n<p>Les passants ont \u00e9t\u00e9 effray\u00e9s par une femme d\u2019une cinquantaine d\u2019ann\u00e9es, <strong>arm\u00e9e d\u2019un couteau<\/strong>, qui gesticulait rue de la R\u00e9publique \u00e0 <a href=\"https:\/\/actu.fr\/provence-alpes-cote-d-azur\/six-fours-les-plages_83129\/un-differend-eclate-sur-la-route-un-nicois-percute-de-plein-fouet-par-un-automobiliste_63345997.html\" rel=\"nofollow noopener\" target=\"_blank\">Six-Fours<\/a>, ce mardi 4 novembre 2025 aux alentours de 18h.<\/p>\n<p>Des propos \u00e0 caract\u00e8re raciste<\/p>\n<p class=\" wall-content\">Visiblement d\u00e9s\u00e9quilibr\u00e9e, <strong>elle agitait une lame<\/strong> d\u2019une vingtaine de centim\u00e8tres de long en prof\u00e9rant des propos \u00e0 caract\u00e8re raciste, selon des t\u00e9moins entendus par <a href=\"https:\/\/www.nicematin.com\/faits-divers\/une-femme-brandissant-un-couteau-en-gesticulant-interpellee-en-centre-ville-de-six-fours-10655340\" rel=\"nofollow noopener\" target=\"_blank\">Var Matin<\/a>.<\/p>\n<p class=\" wall-content\">Interpell\u00e9e par la police municipale, elle a \u00e9t\u00e9 <strong>plac\u00e9e en garde \u00e0 vue<\/strong> au commissariat de <a href=\"https:\/\/actu.fr\/provence-alpes-cote-d-azur\/sanary-sur-mer_83123\/var-un-homme-ecroue-pour-exhibitionnisme-a-sanary-sur-mer_63307050.html\" rel=\"nofollow noopener\" target=\"_blank\">Sanary-sur-Mer<\/a>. \u00c0 la suite d\u2019un examen m\u00e9dical pratiqu\u00e9 mercredi, elle a \u00e9t\u00e9 hospitalis\u00e9e en psychiatrie.<\/p>\n<p class=\" wall-content\">Personnalisez votre actualit\u00e9 en ajoutant vos villes et m\u00e9dias en favori avec <a href=\"https:\/\/moncompte.actu.fr\" title=\"D\u00e9couvez Mon Actu\" rel=\"nofollow noopener\" data-trk=\"{&quot;cta&quot;:{&quot;action&quot;:&quot;https:\\\/\\\/moncompte.actu.fr&quot;,&quot;category&quot;:&quot;mon compte&quot;,&quot;from&quot;:&quot;article footer&quot;,&quot;name&quot;:&quot;Mon actu&quot;,&quot;type&quot;:&quot;cta&quot;}}\" target=\"_blank\">Mon Actu<\/a>.<\/p>\n","protected":false},"excerpt":{"rendered":"Par Agence de presse APEI Publi\u00e9 le 7 nov. 2025 \u00e0 11h52 Les passants ont \u00e9t\u00e9 effray\u00e9s par&hellip;\n","protected":false},"author":2,"featured_media":518672,"comment_status":"","ping_status":"","sticky":false,"template":"","format":"standard","meta":{"footnotes":""},"categories":[9619],"tags":[1111,11,1777,674,118,1011,27,12,1072,882,25,2310],"class_list":{"0":"post-518671","1":"post","2":"type-post","3":"status-publish","4":"format-standard","5":"has-post-thumbnail","7":"category-toulon","8":"tag-actu","9":"tag-actualites","10":"tag-eu","11":"tag-europe","12":"tag-faits-divers","13":"tag-fr","14":"tag-france","15":"tag-news","16":"tag-police","17":"tag-provence-alpes-cote-dazur","18":"tag-republique-francaise","19":"tag-toulon"},"share_on_mastodon":{"url":"https:\/\/pubeurope.com\/@fr\/115509500768292172","error":""},"_links":{"self":[{"href":"https:\/\/www.europesays.com\/fr\/wp-json\/wp\/v2\/posts\/518671","targetHints":{"allow":["GET"]}}],"collection":[{"href":"https:\/\/www.europesays.com\/fr\/wp-json\/wp\/v2\/posts"}],"about":[{"href":"https:\/\/www.europesays.com\/fr\/wp-json\/wp\/v2\/types\/post"}],"author":[{"embeddable":true,"href":"https:\/\/www.europesays.com\/fr\/wp-json\/wp\/v2\/users\/2"}],"replies":[{"embeddable":true,"href":"https:\/\/www.europesays.com\/fr\/wp-json\/wp\/v2\/comments?post=518671"}],"version-history":[{"count":0,"href":"https:\/\/www.europesays.com\/fr\/wp-json\/wp\/v2\/posts\/518671\/revisions"}],"wp:featuredmedia":[{"embeddable":true,"href":"https:\/\/www.europesays.com\/fr\/wp-json\/wp\/v2\/media\/518672"}],"wp:attachment":[{"href":"https:\/\/www.europesays.com\/fr\/wp-json\/wp\/v2\/media?parent=518671"}],"wp:term":[{"taxonomy":"category","embeddable":true,"href":"https:\/\/www.europesays.com\/fr\/wp-json\/wp\/v2\/categories?post=518671"},{"taxonomy":"post_tag","embeddable":true,"href":"https:\/\/www.europesays.com\/fr\/wp-json\/wp\/v2\/tags?post=518671"}],"curies":[{"name":"wp","href":"https:\/\/api.w.org\/{rel}","templated":true}]}}