{"id":518679,"date":"2025-11-07T17:07:14","date_gmt":"2025-11-07T17:07:14","guid":{"rendered":"https:\/\/www.europesays.com\/fr\/518679\/"},"modified":"2025-11-07T17:07:14","modified_gmt":"2025-11-07T17:07:14","slug":"info-76actu-ce-grand-restaurant-de-la-place-saint-marc-a-rouen-va-devenir-une-brasserie-italienne","status":"publish","type":"post","link":"https:\/\/www.europesays.com\/fr\/518679\/","title":{"rendered":"INFO 76ACTU. Ce grand restaurant de la place Saint-Marc \u00e0 Rouen va devenir une brasserie italienne"},"content":{"rendered":"<p>            Par<br \/>\n        <strong><br \/>\n            <a href=\"https:\/\/actu.fr\/auteur\/adrien-filoche\" title=\"Consulter tous les articles de Adrien Filoche\" target=\"_blank\" rel=\"noopener\">Adrien Filoche<\/a><br \/>\n        <\/strong><\/p>\n<p>        Publi\u00e9 le<\/p>\n<p>            7 nov. 2025 \u00e0 17h04        <\/p>\n<p><strong>Info 76actu. <\/strong>Le restaurant Madame, situ\u00e9 dans le quartier Saint-Marc \u00e0 <a href=\"https:\/\/actu.fr\/normandie\/rouen_76540\" target=\"_blank\" rel=\"noopener\">Rouen (Seine-Maritime)<\/a>, va \u00eatre rachet\u00e9 et transform\u00e9 en un tout nouveau lieu\u2009: une v\u00e9ritable <strong>osteria<\/strong>, un \u00e9quivalent du bouillon en France, mais \u00e0 la sauce italienne. Derri\u00e8re ce concept, on retrouve Elisabeth Barbier Bataille, g\u00e9rante des enseignes Le Veau d\u2019Or (<a href=\"https:\/\/actu.fr\/normandie\/rouen_76540\/gault-et-millau-2025-une-nouvelle-recompense-pour-cet-emblematique-restaurant-de-rouen_63226910.html\" target=\"_blank\" rel=\"noopener\">r\u00e9cemment distingu\u00e9 par le Gault &amp; Millau<\/a>) et <a href=\"https:\/\/actu.fr\/normandie\/rouen_76540\/le-bouillon-d-or-ouvre-tres-bientot-a-la-place-de-maitre-corbeau-a-rouen-on-vous-dit-quand_61135446.html\" target=\"_blank\" rel=\"noopener\">Le Bouillon d\u2019Or.<\/a><\/p>\n<p>Des plats typiques et r\u00e9confortants de la cuisine italienne<\/p>\n<p class=\" wall-content\">\u00c0 la mani\u00e8re d\u2019un bouillon, l\u2019\u00e9tablissement baptis\u00e9 Bouillon Italia \u2013 Osteria d\u2019or proposera \u00ab\u2009des plats typiques et r\u00e9confortants de la cuisine italienne\u2009\u00bb, pr\u00e9sente Elisabeth Barbier Bataille.<\/p>\n<blockquote class=\"ac-article-quote wall-content\">\n<p>On veut proposer une osteria, une brasserie italienne qui ne soit pas ch\u00e8re pour que tout le monde puisse en profiter. La cuisine italienne est une cuisine r\u00e9confortante que je connais bien. J&rsquo;ai pass\u00e9 beaucoup de temps en Italie dans ma jeunesse.<\/p>\n<p>    <strong>Elisabeth Barbier Bataille<\/strong><br \/>\n        g\u00e9rante    <\/p><\/blockquote>\n<p class=\" wall-content\">\u00ab\u2009Je sais que la cuisine italienne pla\u00eet beaucoup, mais je trouve que les pizzas et les p\u00e2tes sont vendues trop cher en France. Et puis, dans les restaurants italiens, on trouve tr\u00e8s peu de plats vraiment typiques\u2009\u00bb, poursuit la g\u00e9rante.<\/p>\n<p class=\" wall-content\">Sur la carte, encore en construction, la patronne promet de<strong> l\u2019osso buco<\/strong>, du <strong>poulet gratin\u00e9 gorgonzola et \u00e9pinard<\/strong>,<strong> des p\u00e2tes<\/strong> (\u00e9videmment) avec <strong>leurs sauces maison<\/strong>, mais aussi une carte resserr\u00e9e autour de <strong>quelques pizzas<\/strong> qui changeront r\u00e9guli\u00e8rement au fil des saisons.<\/p>\n<p class=\" wall-content\">Du c\u00f4t\u00e9 des prix, l\u2019\u00e9tablissement promet de respecter le v\u00e9ritable esprit du bouillon, avec <strong>des tarifs tr\u00e8s accessibles.<\/strong> \u00ab\u2009Pour les entr\u00e9es, ce sera entre 2,50 et 6\u00a0euros, les plats entrent 8,90 et 13,90\u00a0euros et les desserts entre 2 et 5\u00a0euros\u2009\u00bb, pr\u00e9cise Elisabeth Barbier Bataille.<\/p>\n<p class=\" wall-content\">Concernant le calendrier, les travaux doivent commencer en janvier\u00a02026 et <strong>l\u2019ouverture est pr\u00e9vue au 1er\u00a0mars.<\/strong><\/p>\n<p>Votre r\u00e9gion, votre actu !<\/p>\n<p>Recevez chaque jour les infos qui comptent pour vous.<\/p>\n<p>\t<a href=\"https:\/\/actu.fr\/newsletter\" class=\"ac-btn ac-btn--corner ac-btn--medium ac-btn--blue800\" target=\"_blank\" rel=\"noopener\">S&rsquo;incrire<\/a><br \/>\nSuivez l\u2019actualit\u00e9 de Rouen sur <a href=\"https:\/\/www.whatsapp.com\/channel\/0029VaKfnf99hXF2ddApFB1D\" target=\"_blank\" rel=\"noopener\">notre cha\u00eene WhatsApp<\/a> et sur <a href=\"https:\/\/www.tiktok.com\/@76actu.fr?lang=fr\" target=\"_blank\" rel=\"noopener\">notre compte TikTok<\/a><\/p>\n<p class=\" wall-content\">Personnalisez votre actualit\u00e9 en ajoutant vos villes et m\u00e9dias en favori avec <a href=\"https:\/\/moncompte.actu.fr\" title=\"D\u00e9couvez Mon Actu\" rel=\"nofollow noopener\" data-trk=\"{&quot;cta&quot;:{&quot;action&quot;:&quot;https:\\\/\\\/moncompte.actu.fr&quot;,&quot;category&quot;:&quot;mon compte&quot;,&quot;from&quot;:&quot;article footer&quot;,&quot;name&quot;:&quot;Mon actu&quot;,&quot;type&quot;:&quot;cta&quot;}}\" target=\"_blank\">Mon Actu<\/a>.<\/p>\n<p>                    <script async src=\"\/\/www.tiktok.com\/embed.js\"><\/script><\/p>\n","protected":false},"excerpt":{"rendered":"Par Adrien Filoche Publi\u00e9 le 7 nov. 2025 \u00e0 17h04 Info 76actu. Le restaurant Madame, situ\u00e9 dans le&hellip;\n","protected":false},"author":2,"featured_media":518680,"comment_status":"","ping_status":"","sticky":false,"template":"","format":"standard","meta":{"footnotes":""},"categories":[9587],"tags":[1111,11,9086,1777,674,1011,27,1652,12,5161,3147,25,1340,9590],"class_list":{"0":"post-518679","1":"post","2":"type-post","3":"status-publish","4":"format-standard","5":"has-post-thumbnail","7":"category-rouen","8":"tag-actu","9":"tag-actualites","10":"tag-bon-plan-a-rouen","11":"tag-eu","12":"tag-europe","13":"tag-fr","14":"tag-france","15":"tag-loisirs-culture","16":"tag-news","17":"tag-normandie","18":"tag-nouveaux-commerces","19":"tag-republique-francaise","20":"tag-restaurant","21":"tag-rouen"},"share_on_mastodon":{"url":"https:\/\/pubeurope.com\/@fr\/115509516501903109","error":""},"_links":{"self":[{"href":"https:\/\/www.europesays.com\/fr\/wp-json\/wp\/v2\/posts\/518679","targetHints":{"allow":["GET"]}}],"collection":[{"href":"https:\/\/www.europesays.com\/fr\/wp-json\/wp\/v2\/posts"}],"about":[{"href":"https:\/\/www.europesays.com\/fr\/wp-json\/wp\/v2\/types\/post"}],"author":[{"embeddable":true,"href":"https:\/\/www.europesays.com\/fr\/wp-json\/wp\/v2\/users\/2"}],"replies":[{"embeddable":true,"href":"https:\/\/www.europesays.com\/fr\/wp-json\/wp\/v2\/comments?post=518679"}],"version-history":[{"count":0,"href":"https:\/\/www.europesays.com\/fr\/wp-json\/wp\/v2\/posts\/518679\/revisions"}],"wp:featuredmedia":[{"embeddable":true,"href":"https:\/\/www.europesays.com\/fr\/wp-json\/wp\/v2\/media\/518680"}],"wp:attachment":[{"href":"https:\/\/www.europesays.com\/fr\/wp-json\/wp\/v2\/media?parent=518679"}],"wp:term":[{"taxonomy":"category","embeddable":true,"href":"https:\/\/www.europesays.com\/fr\/wp-json\/wp\/v2\/categories?post=518679"},{"taxonomy":"post_tag","embeddable":true,"href":"https:\/\/www.europesays.com\/fr\/wp-json\/wp\/v2\/tags?post=518679"}],"curies":[{"name":"wp","href":"https:\/\/api.w.org\/{rel}","templated":true}]}}