{"id":51868,"date":"2025-04-25T13:38:08","date_gmt":"2025-04-25T13:38:08","guid":{"rendered":"https:\/\/www.europesays.com\/fr\/51868\/"},"modified":"2025-04-25T13:38:08","modified_gmt":"2025-04-25T13:38:08","slug":"betharram-bayrou-a-bien-rencontre-le-juge-mirande-reconnait-son-cabinet-mediapart","status":"publish","type":"post","link":"https:\/\/www.europesays.com\/fr\/51868\/","title":{"rendered":"B\u00e9tharram : Bayrou a bien rencontr\u00e9 le juge Mirande, reconna\u00eet son cabinet &#8211; Mediapart"},"content":{"rendered":"<ol>\n<li><a href=\"https:\/\/news.google.com\/rss\/articles\/CBMitwFBVV95cUxOZExVUGxFemNqMUFYVXRfdVBFRkFqeXIwRHF4UHoxQ2w1U2VlMXFESWljdTB6SzNZQ1RsSFhHMjFkX1RNOFJHdTRlRThUcDVzNlM0YU9RbXU3YngwV1BTSGdmczFpSkt5RW5pZUZuSlZLREM2WFZnNnFpNFdfZlpVYjFETC1URnRfeVZCdjA4eHd1aEg3bEprRWJkaVA0SUdxbTJHV0oxN01YaXoxUWFzSHMwRE40REU?oc=5\" target=\"_blank\" rel=\"noopener\">B\u00e9tharram : Bayrou a bien rencontr\u00e9 le juge Mirande, reconna\u00eet son cabinet<\/a>&nbsp;&nbsp;Mediapart<\/li>\n<li><a href=\"https:\/\/news.google.com\/rss\/articles\/CBMi9gFBVV95cUxNTl9NdlkzbW9KVWJPcXMzOTZMX0pzUG1FbkdKUTN2WEFHR2ZpdGk0Q2xaQklMTVVDUHktY3hnanlZbVhDMndsUUZmSndMcnBQcVM3SmlDUlEzVFNNUnhkT3BxNHo3YmlLbGxtWFVfcTJnOEdUbkZIdmpPXzd3UVNrbXNhWEdjckdFeVprcC03bklzNUFuVUZvcHVwWkFfZFllZGFYWFo1N3owMFBvdjZJc01FOExzeDY3WXNFMzVrS3MwRzVMaGpGVjBORVdJVjRWX1RaT3BCTzVvYmZRZUxHWXliRkVqc0o1SENQNGtFM1p5MmRXb1E?oc=5\" target=\"_blank\" rel=\"noopener\">Affaire de B\u00e9tharram : selon H\u00e9l\u00e8ne Perlant, la fille de Fran\u00e7ois Bayrou, celui-ci a bien \u00e9chang\u00e9 avec un juge qui enqu\u00eatait<\/a>&nbsp;&nbsp;Le Monde.fr<\/li>\n<li><a href=\"https:\/\/news.google.com\/rss\/articles\/CBMiygFBVV95cUxQU3VxT0pXODBfQ1BtdkJqUlFVS2kwalhWVU9UYTZUOWVTY2xuSVhua3g3dElLSU9QQWJ0VnQ4Tkk0MWo5aUF6TmNUNHpoU3IxeEhOcms5NS01Rm5RT0Q4a2J5M3dMQWp5a0xyVWJRbmc0NzFId2ZTVGs3cW9KQnNIY2plWm9KRmduYXF1eE9qRW8yVjZSUkFPUURnQ0ozb1pJUEN4NTllWFFyR3JIdjVZV3ZGMDhORXVYdUtUUV85Y2xaSGExaTZrNmRR?oc=5\" target=\"_blank\" rel=\"noopener\">Affaire B\u00e9tharram : que contient le livre du lanceur d\u2019alerte Alain Esquerre ?<\/a>&nbsp;&nbsp;RTL.fr<\/li>\n<li><a href=\"https:\/\/news.google.com\/rss\/articles\/CBMiwgFBVV95cUxNODEtR2tOd0ZYenZGUUhjVjhrQnp1cjEtWnBPcDJ5SzU3Y01VYVJXU2h3WVRRRTEwTHlKaWlmeER4SGRVVGRXazJzTS1XcEJsRlAzUHlKWWRBd0xaYjVjZExZNV8tdHYzUFlQbnBXT3FXQ0pYY1dBcjBkdnQtR3FLWHNSeldpMUJ5ZTRsQzE1UnVMRXU4M0IxNDlxWDVpSi04X3BWZFRWMHpJZEZQNm1SekRETE9SYWtETTlXSzM3alVVQQ?oc=5\" target=\"_blank\" rel=\"noopener\">Violences : \u00ab L\u2019\u00c9ducation nationale n\u2019a aucun pouvoir sur les \u00e9tablissements priv\u00e9s \u00bb<\/a>&nbsp;&nbsp;Mediapart<\/li>\n<li><a href=\"https:\/\/news.google.com\/rss\/articles\/CBMinAJBVV95cUxNdVNPenRHSWRGQkMzMGpqT0l5aElwb0ZENzR3Z21iSXlWOTRfcE5RNkt4OVN1QjRib3ZyRDlMRnBfTl9VLUVxZE5DTVBlUGFWMjhmRGcyY0JoUzJmV01QR2tLYmRES05kMHNUUEt3eGJ1eDEzYXc4cGJGS1FUaGVZRkRzczNuSE11ajFOSFNENHpSQmxLblRRQnZNOHUwa1g2WGpwT0hjRi1CZVFFY0dKMU9YMjMta080WldNc2hZNWhFUDVLREFjeTlNZzBzQTRfTW1WTHlaRU5TZGk1VlE3S2g0cHdaQng5bUFNbE56cDlETXpwVUpDRk5DcWM1cFEwYXh1ZFRyMnE3MXFHVk52TXF5YjhSUmlCTVhxVA?oc=5\" target=\"_blank\" rel=\"noopener\">Affaire B\u00e9tharram : \u00ab\u00a0J&rsquo;attends que le Premier ministre fasse de cette audition un moment de v\u00e9rit\u00e9\u00a0\u00bb, dit Paul Vannier<\/a>&nbsp;&nbsp;Radio France<\/li>\n<\/ol>\n","protected":false},"excerpt":{"rendered":"B\u00e9tharram : Bayrou a bien rencontr\u00e9 le juge Mirande, reconna\u00eet son cabinet&nbsp;&nbsp;Mediapart Affaire de B\u00e9tharram : selon H\u00e9l\u00e8ne&hellip;\n","protected":false},"author":2,"featured_media":51869,"comment_status":"","ping_status":"","sticky":false,"template":"","format":"standard","meta":{"footnotes":""},"categories":[4],"tags":[11,6268,1011,27,431,12,6270,25],"class_list":{"0":"post-51868","1":"post","2":"type-post","3":"status-publish","4":"format-standard","5":"has-post-thumbnail","7":"category-france","8":"tag-actualites","9":"tag-education-et-enseignement-superieur","10":"tag-fr","11":"tag-france","12":"tag-francois-bayrou","13":"tag-news","14":"tag-notre-dame-de-betharram","15":"tag-republique-francaise"},"share_on_mastodon":{"url":"https:\/\/pubeurope.com\/@fr\/114398881619854769","error":""},"_links":{"self":[{"href":"https:\/\/www.europesays.com\/fr\/wp-json\/wp\/v2\/posts\/51868","targetHints":{"allow":["GET"]}}],"collection":[{"href":"https:\/\/www.europesays.com\/fr\/wp-json\/wp\/v2\/posts"}],"about":[{"href":"https:\/\/www.europesays.com\/fr\/wp-json\/wp\/v2\/types\/post"}],"author":[{"embeddable":true,"href":"https:\/\/www.europesays.com\/fr\/wp-json\/wp\/v2\/users\/2"}],"replies":[{"embeddable":true,"href":"https:\/\/www.europesays.com\/fr\/wp-json\/wp\/v2\/comments?post=51868"}],"version-history":[{"count":0,"href":"https:\/\/www.europesays.com\/fr\/wp-json\/wp\/v2\/posts\/51868\/revisions"}],"wp:featuredmedia":[{"embeddable":true,"href":"https:\/\/www.europesays.com\/fr\/wp-json\/wp\/v2\/media\/51869"}],"wp:attachment":[{"href":"https:\/\/www.europesays.com\/fr\/wp-json\/wp\/v2\/media?parent=51868"}],"wp:term":[{"taxonomy":"category","embeddable":true,"href":"https:\/\/www.europesays.com\/fr\/wp-json\/wp\/v2\/categories?post=51868"},{"taxonomy":"post_tag","embeddable":true,"href":"https:\/\/www.europesays.com\/fr\/wp-json\/wp\/v2\/tags?post=51868"}],"curies":[{"name":"wp","href":"https:\/\/api.w.org\/{rel}","templated":true}]}}