{"id":518695,"date":"2025-11-07T17:17:13","date_gmt":"2025-11-07T17:17:13","guid":{"rendered":"https:\/\/www.europesays.com\/fr\/518695\/"},"modified":"2025-11-07T17:17:13","modified_gmt":"2025-11-07T17:17:13","slug":"nice-va-renforcer-sa-lutte-contre-la-vacance-commerciale-avec-linstauration","status":"publish","type":"post","link":"https:\/\/www.europesays.com\/fr\/518695\/","title":{"rendered":"Nice va renforcer sa lutte contre la vacance commerciale avec l\u2019instauration (\u2026)"},"content":{"rendered":"<p>                    <img loading=\"lazy\" decoding=\"async\" src=\"https:\/\/www.europesays.com\/fr\/wp-content\/uploads\/2025\/11\/9531d18a1735182d5d85bc5fdc4979.png\" class=\"img-responsive post-image\" width=\"680\" height=\"510\" alt=\"Nice va renforcer sa (\u2026)\" title=\"Nice va renforcer sa lutte contre la vacance commerciale avec l'instauration d'une contribution incitative sur les biens inoccup\u00e9s\"\/><\/p>\n<p class=\"chapo\">Ce vendredi 7 novembre, le maire de Nice, Christian Estrosi, a r\u00e9uni les repr\u00e9sentants du commerce ni\u00e7ois pour pr\u00e9senter une nouvelle mesure destin\u00e9e \u00e0 lutter contre la vacance des locaux commerciaux et renforcer l\u2019attractivit\u00e9 \u00e9conomique de la ville. Autour de lui, figuraient notamment Fred Ghintran (UMIH), Christophe Souques (Union patronale des cafetiers restaurateurs), Jean-Marie Debaisieux (F\u00e9d\u00e9ration du Commerce Ni\u00e7ois et de l\u2019Artisanat), Jacques Kotler (CCI), et No\u00ebl Ajoury (UMIH).<\/p>\n<p>Si le tissu commercial ni\u00e7ois se porte mieux que la moyenne nationale \u2013 <strong>avec un taux de vacance de 8\u00a0% contre 10,64\u00a0% en Franc<\/strong>e \u2013, la municipalit\u00e9 juge ce chiffre encore trop \u00e9lev\u00e9. \u00ab\u00a0Les Ni\u00e7ois ne veulent pas voir des rideaux baiss\u00e9s en bas de chez eux\u00a0\u00bb, a soulign\u00e9<strong> Christian Estrosi, <\/strong> rappelant que chaque vitrine vide constitue \u00ab\u00a0 un signal n\u00e9gatif pour l\u2019attractivit\u00e9 d\u2019un quartier. \u00c0 l\u2019inverse, chaque commerce qui s\u2019installe, c\u2019est de l\u2019emploi, de la vie, et de la fiert\u00e9 pour Nice.\u00a0\u00bb.<\/p>\n<p>La Ville a d\u00e9j\u00e0 multipli\u00e9 les op\u00e9rations de requalification et de verdissement dans plusieurs axes structurants \u2013 rue Bonaparte, rue de la Libert\u00e9, boulevard Gambetta, ou encore avenue Notre-Dame. R\u00e9sultat tangible\u00a0: sur la rue de la Libert\u00e9, la vacance commerciale est pass\u00e9e de 7\u00a0% en 2019 \u00e0 0\u00a0% aujourd\u2019hui.<br class=\"texte\"\/><br \/>\nLe <strong>Conseil municipal du 14 novembre <\/strong> examinera <strong>l\u2019instauration d\u2019une contribution incitative sur les locaux commerciaux vacants<\/strong>, inscrite dans le rapport d\u2019orientation budg\u00e9taire 2026. Cette mesure, non punitive, visera \u00e0 encourager les propri\u00e9taires \u00e0 remettre sur le march\u00e9 leurs biens inoccup\u00e9s, tout en leur proposant un accompagnement personnalis\u00e9 d\u2019un an. \u00ab\u00a0 Nous ne souhaitons pas g\u00e9n\u00e9rer de nouvelles recettes, mais inciter les propri\u00e9taires \u00e0 relouer leurs locaux\u00a0\u00bb, a pr\u00e9cis\u00e9 le maire. \u00ab\u00a0 L\u2019int\u00e9gralit\u00e9 des sommes per\u00e7ues sera r\u00e9investie au profit du commerce ni\u00e7ois.\u00a0\u00bb<\/p>\n<p>Mise en oeuvre en 2027 apr\u00e8s concertation avec les propri\u00e9taires<\/p>\n<p>Concr\u00e8tement, la contribution ne concernera que les locaux vacants depuis plus de deux ans, avec un taux progressif fix\u00e9 par la loi (10\u00a0% la premi\u00e8re ann\u00e9e, 15\u00a0% la seconde, 20\u00a0% ensuite). Sont exclus de ce dispositif les biens propos\u00e9s \u00e0 un prix de march\u00e9, en travaux, sinistr\u00e9s ou en attente d\u2019un projet valid\u00e9 par la collectivit\u00e9. La mise en \u0153uvre effective n\u2019interviendra pas avant 2027, le temps de mener un important travail d\u2019information et d\u2019accompagnement des propri\u00e9taires concern\u00e9s. Une nouvelle \u00e9tape, selon la municipalit\u00e9, dans la dynamisation des quartiers et le soutien \u00e0 l\u2019\u00e9conomie de proximit\u00e9.<\/p>\n<p>Visuel de une\u00a0: illustration \u00a9DR<\/p>\n","protected":false},"excerpt":{"rendered":"Ce vendredi 7 novembre, le maire de Nice, Christian Estrosi, a r\u00e9uni les repr\u00e9sentants du commerce ni\u00e7ois pour&hellip;\n","protected":false},"author":2,"featured_media":518696,"comment_status":"","ping_status":"","sticky":false,"template":"","format":"standard","meta":{"footnotes":""},"categories":[2819],"tags":[1111,11,2408,1777,674,1011,27,12,2401,882,25],"class_list":{"0":"post-518695","1":"post","2":"type-post","3":"status-publish","4":"format-standard","5":"has-post-thumbnail","7":"category-nice","8":"tag-actu","9":"tag-actualites","10":"tag-appels-d","11":"tag-eu","12":"tag-europe","13":"tag-fr","14":"tag-france","15":"tag-news","16":"tag-nice","17":"tag-provence-alpes-cote-dazur","18":"tag-republique-francaise"},"share_on_mastodon":{"url":"https:\/\/pubeurope.com\/@fr\/115509556282604235","error":""},"_links":{"self":[{"href":"https:\/\/www.europesays.com\/fr\/wp-json\/wp\/v2\/posts\/518695","targetHints":{"allow":["GET"]}}],"collection":[{"href":"https:\/\/www.europesays.com\/fr\/wp-json\/wp\/v2\/posts"}],"about":[{"href":"https:\/\/www.europesays.com\/fr\/wp-json\/wp\/v2\/types\/post"}],"author":[{"embeddable":true,"href":"https:\/\/www.europesays.com\/fr\/wp-json\/wp\/v2\/users\/2"}],"replies":[{"embeddable":true,"href":"https:\/\/www.europesays.com\/fr\/wp-json\/wp\/v2\/comments?post=518695"}],"version-history":[{"count":0,"href":"https:\/\/www.europesays.com\/fr\/wp-json\/wp\/v2\/posts\/518695\/revisions"}],"wp:featuredmedia":[{"embeddable":true,"href":"https:\/\/www.europesays.com\/fr\/wp-json\/wp\/v2\/media\/518696"}],"wp:attachment":[{"href":"https:\/\/www.europesays.com\/fr\/wp-json\/wp\/v2\/media?parent=518695"}],"wp:term":[{"taxonomy":"category","embeddable":true,"href":"https:\/\/www.europesays.com\/fr\/wp-json\/wp\/v2\/categories?post=518695"},{"taxonomy":"post_tag","embeddable":true,"href":"https:\/\/www.europesays.com\/fr\/wp-json\/wp\/v2\/tags?post=518695"}],"curies":[{"name":"wp","href":"https:\/\/api.w.org\/{rel}","templated":true}]}}