{"id":518697,"date":"2025-11-07T17:18:12","date_gmt":"2025-11-07T17:18:12","guid":{"rendered":"https:\/\/www.europesays.com\/fr\/518697\/"},"modified":"2025-11-07T17:18:12","modified_gmt":"2025-11-07T17:18:12","slug":"nice-prepare-ses-commemorations-pour-les-10-ans-de-lattentat-du-14-juillet","status":"publish","type":"post","link":"https:\/\/www.europesays.com\/fr\/518697\/","title":{"rendered":"Nice pr\u00e9pare ses comm\u00e9morations pour les 10 ans de l\u2019attentat du 14 juillet"},"content":{"rendered":"<p>\n    La mairie a d\u00e9voil\u00e9 une partie des temps forts de la c\u00e9r\u00e9monie d\u2019hommage aux 86 victimes. Et balaye au passage la proposition d\u2019une \u00abEsplanade 14 juillet 2016\u00bb, invoquant le refus m\u00eame de certaines associations.<\/p>\n<p class=\"fig-paragraph\">Cela fera bient\u00f4t dix ans que, le\u00a0<a href=\"http:\/\/www.lefigaro.fr\/actualite-france\/proces-de-l-attentat-de-nice-les-deux-principaux-condamnes-ont-fait-appel-20221226\" data-fig-type=\"NewsFlash\" data-gtm-custom-categorie=\"navigation\" data-gtm-custom-action=\"crossclick\" data-gtm-custom-label=\"Contextuel\" data-gtm-event=\"customEventSPE\" data-fig-domain=\"LEFIGARO\" target=\"_blank\" rel=\"noopener\">14 juillet 2016<\/a>, au soir de la f\u00eate nationale, un camion de 19 tonnes fauchait mortellement 86 personnes sur la promenade des Anglais, \u00e0 Nice (Alpes-Maritimes), et blessait 450 personnes. Une attaque terroriste perp\u00e9tr\u00e9e par Mohamed Lahouaiej Bouhlel, tu\u00e9 par la police ce soir-l\u00e0.<\/p>\n<p class=\"fig-paragraph\">Dix ans apr\u00e8s donc, le maire de Nice,\u00a0<a href=\"https:\/\/www.lefigaro.fr\/actualite-france\/attentat-de-nice-christian-estrosi-ignorait-l-etat-de-la-menace-20221020\" data-fig-type=\"Article\" data-gtm-custom-categorie=\"navigation\" data-gtm-custom-action=\"crossclick\" data-gtm-custom-label=\"Contextuel\" data-gtm-event=\"customEventSPE\" data-fig-domain=\"LEFIGARO\" target=\"_blank\" rel=\"noopener\">Christian Estrosi<\/a>, a re\u00e7u plusieurs associations de victimes afin de pr\u00e9parer avec eux les comm\u00e9morations. \u00c9taient pr\u00e9sents Patrick Prigent pour l\u2019association Life for Nice, Hager Ben Aouissi pour Une Voie des Enfants, Alain Dariste et St\u00e9phane Erbs de Promenade des Anges ainsi qu\u2019Anne et Philippe Murris pour l\u2019association M\u00e9morial des Anges.<\/p>\n<p>                                    <a class=\"fig-a11y-skip a11y-hidden\" href=\"#fig-a11y-skip-main-inarticle\"><br \/>\n        Passer la publicit\u00e9<br \/>\n    <\/a><\/p>\n<p class=\"fig-paragraph\">Dans un communiqu\u00e9 transmis mercredi, la ville d\u00e9taille les \u00abtemps forts de cette journ\u00e9e d\u2019hommage\u00bb, qui comprendra d\u2019abord une grande\u00a0<a href=\"https:\/\/video.lefigaro.fr\/figaro\/actualite-france\/hommage-aux-victimes-de-lattentat-de-nice-cest-la-republique-qui-a-ete-visee-declare-castex-20210714\" data-fig-type=\"Video\" data-gtm-custom-categorie=\"navigation\" data-gtm-custom-action=\"crossclick\" data-gtm-custom-label=\"Contextuel\" data-gtm-event=\"customEventSPE\" data-fig-domain=\"LEFIGARO\" target=\"_blank\" rel=\"noopener\">marche d\u2019hommage<\/a>, puis une c\u00e9r\u00e9monie \u00e0 la Villa Mass\u00e9na. Un spectacle de drones est \u00e9galement pr\u00e9vu, tout comme l\u2019illumination des 86 faisceaux pr\u00e9sents sur la promenade des Anglais, repr\u00e9sentant les 86 victimes de cet attentat. Enfin, un \u00e9v\u00e9nement culture, organis\u00e9 en partenariat avec la Ville de Nice, sera d\u00e9di\u00e9 \u00e0 \u00abla r\u00e9silience des femmes, des hommes et des enfants qui ont \u00e9t\u00e9 touch\u00e9s de pr\u00e8s ou de loin par le drame\u00bb.<\/p>\n<p>Le maire veut balayer la pol\u00e9mique autour du parvis<\/p>\n<p class=\"fig-paragraph\">La mairie de Nice en profite \u00e9galement pour revenir sur les diverses pol\u00e9miques qui entourent le parvis du futur H\u00f4tel des Polices. L\u00e0 o\u00f9 l\u2019\u00e9dile avait propos\u00e9 de le nommer \u00abParvis Nicolas Sarkozy\u00bb, deux jours apr\u00e8s la condamnation de l\u2019ancien chef de l\u2019\u00c9tat \u00e0 de la prison ferme (dans le cadre de l\u2019affaire du financement libyen de sa campagne pr\u00e9sidentielle de 2007),\u00a0<a href=\"http:\/\/www.lefigaro.fr\/nice\/parvis-polemique-nicolas-sarkozy-a-nice-les-victimes-de-l-attentat-du-14-juillet-2016-proposent-un-autre-nom-20251028\" data-fig-type=\"NewsFlash\" data-gtm-custom-categorie=\"navigation\" data-gtm-custom-action=\"crossclick\" data-gtm-custom-label=\"Contextuel\" data-gtm-event=\"customEventSPE\" data-fig-domain=\"LEFIGARO\" target=\"_blank\" rel=\"noopener\">deux victimes de l\u2019attentat soutenues par l\u2019opposition<\/a>\u00a0proposaient elles une \u00abesplanade 14-juillet-2016\u00bb. Mais la ville maintient qu\u2019\u00abaucune des associations pr\u00e9sentes n\u2019a souhait\u00e9 que le parvis soit baptis\u00e9 \u201cEsplanade 14 juillet\u201d, consid\u00e9rant que \u201cles symboles li\u00e9s au drame des attentats de Nice sont d\u00e9j\u00e0 l\u00e0, qu\u2019ils sont forts et profond\u00e9ment ancr\u00e9s\u00bb.<\/p>\n<p class=\"fig-body-link\">\n            \u00c0 lire aussi<br \/>\n        <a class=\"fig-body-link__link\" href=\"http:\/\/www.lefigaro.fr\/nice\/parvis-polemique-nicolas-sarkozy-a-nice-un-nouveau-vote-a-venir-face-a-un-autre-nom-propose-20251103\" data-fig-type=\"NewsFlash\" data-gtm-custom-categorie=\"navigation\" data-gtm-custom-action=\"crossclick\" data-gtm-custom-label=\"Contextuel\" data-gtm-event=\"customEventSPE\" data-fig-domain=\"LEFIGARO\" target=\"_blank\" rel=\"noopener\"><\/p>\n<p>        Parvis pol\u00e9mique Nicolas Sarkozy \u00e0 Nice\u00a0: un nouveau vote \u00e0 venir face \u00e0 un autre nom propos\u00e9<br \/>\n    <\/a>\n<\/p>\n<p class=\"fig-paragraph\">Une mani\u00e8re de clore la pol\u00e9mique, pourtant vive \u00e0 ce sujet, car de son c\u00f4t\u00e9, le d\u00e9put\u00e9 ni\u00e7ois\u00a0<a href=\"http:\/\/www.lefigaro.fr\/nice\/nice-une-petition-lancee-contre-le-parvis-nicolas-sarkozy-voulu-par-christian-estrosi-20251001\" data-fig-type=\"NewsFlash\" data-gtm-custom-categorie=\"navigation\" data-gtm-custom-action=\"crossclick\" data-gtm-custom-label=\"Contextuel\" data-gtm-event=\"customEventSPE\" data-fig-domain=\"LEFIGARO\" target=\"_blank\" rel=\"noopener\">\u00c9ric Ciotti<\/a>\u00a0soutient cette derni\u00e8re d\u00e9nomination. Il a ainsi assur\u00e9 qu\u2019il \u00abdonnerait une suite favorable \u00e0 cette demande\u00bb s\u2019il remportait la mairie en mars prochain contre son rival de toujours et candidat \u00e0 sa succession.<\/p>\n<p class=\"fig-paragraph\">La ville assure n\u00e9anmoins qu\u2019un \u00abespace pourra \u00eatre d\u00e9di\u00e9 \u00e0 chaque victime dont les proches feront la demande.\u00bb Christian Estrosi devrait recevoir \u00e0 nouveau les associations \u00aben d\u00e9but d\u2019ann\u00e9e 2026 afin de faire un point d\u2019\u00e9tape sur l\u2019avancement de la pr\u00e9paration de ces c\u00e9r\u00e9monies\u00bb.<\/p>\n","protected":false},"excerpt":{"rendered":"La mairie a d\u00e9voil\u00e9 une partie des temps forts de la c\u00e9r\u00e9monie d\u2019hommage aux 86 victimes. Et balaye&hellip;\n","protected":false},"author":2,"featured_media":518698,"comment_status":"","ping_status":"","sticky":false,"template":"","format":"standard","meta":{"footnotes":""},"categories":[2819],"tags":[10915,1111,11,22696,62222,1777,674,1011,27,12,2401,882,25],"class_list":{"0":"post-518697","1":"post","2":"type-post","3":"status-publish","4":"format-standard","5":"has-post-thumbnail","7":"category-nice","8":"tag-14-juillet","9":"tag-actu","10":"tag-actualites","11":"tag-attaque-terroriste","12":"tag-attentat-de-nice","13":"tag-eu","14":"tag-europe","15":"tag-fr","16":"tag-france","17":"tag-news","18":"tag-nice","19":"tag-provence-alpes-cote-dazur","20":"tag-republique-francaise"},"share_on_mastodon":{"url":"https:\/\/pubeurope.com\/@fr\/115509559553970065","error":""},"_links":{"self":[{"href":"https:\/\/www.europesays.com\/fr\/wp-json\/wp\/v2\/posts\/518697","targetHints":{"allow":["GET"]}}],"collection":[{"href":"https:\/\/www.europesays.com\/fr\/wp-json\/wp\/v2\/posts"}],"about":[{"href":"https:\/\/www.europesays.com\/fr\/wp-json\/wp\/v2\/types\/post"}],"author":[{"embeddable":true,"href":"https:\/\/www.europesays.com\/fr\/wp-json\/wp\/v2\/users\/2"}],"replies":[{"embeddable":true,"href":"https:\/\/www.europesays.com\/fr\/wp-json\/wp\/v2\/comments?post=518697"}],"version-history":[{"count":0,"href":"https:\/\/www.europesays.com\/fr\/wp-json\/wp\/v2\/posts\/518697\/revisions"}],"wp:featuredmedia":[{"embeddable":true,"href":"https:\/\/www.europesays.com\/fr\/wp-json\/wp\/v2\/media\/518698"}],"wp:attachment":[{"href":"https:\/\/www.europesays.com\/fr\/wp-json\/wp\/v2\/media?parent=518697"}],"wp:term":[{"taxonomy":"category","embeddable":true,"href":"https:\/\/www.europesays.com\/fr\/wp-json\/wp\/v2\/categories?post=518697"},{"taxonomy":"post_tag","embeddable":true,"href":"https:\/\/www.europesays.com\/fr\/wp-json\/wp\/v2\/tags?post=518697"}],"curies":[{"name":"wp","href":"https:\/\/api.w.org\/{rel}","templated":true}]}}