{"id":518705,"date":"2025-11-07T17:22:19","date_gmt":"2025-11-07T17:22:19","guid":{"rendered":"https:\/\/www.europesays.com\/fr\/518705\/"},"modified":"2025-11-07T17:22:19","modified_gmt":"2025-11-07T17:22:19","slug":"17-salaries-attaquent-le-patron-dun-grand-cafe-restaurant-de-bordeaux","status":"publish","type":"post","link":"https:\/\/www.europesays.com\/fr\/518705\/","title":{"rendered":"17 salari\u00e9s attaquent\u00a0le patron d&rsquo;un grand caf\u00e9-restaurant de Bordeaux"},"content":{"rendered":"<p>Plusieurs salari\u00e9s du R\u00e9gent sont toujours en arr\u00eat maladie depuis cette journ\u00e9e qu&rsquo;ils qualifient \u00ab\u00a0d&rsquo;ouragan\u00a0\u00bb\u00a0: le 6 octobre dernier, le propri\u00e9taire de ce caf\u00e9-restaurant bordelais, Daniel Marion, 70 ans, se rend sur place pour r\u00e9cup\u00e9rer la caisse, d\u00e9taille <a href=\"https:\/\/www.mediapart.fr\/journal\/france\/071125\/sous-le-choc-des-saillies-racistes-de-leur-patron-17-employes-d-un-grand-cafe-bordelais-portent-plainte\" target=\"_blank\" rel=\"nofollow noopener\">Mediapart<\/a>. Apr\u00e8s un d\u00e9jeuner avec un fournisseur, le patron s&rsquo;\u00e9ternise sur place, selon un des employ\u00e9s de cet \u00e9tablissement id\u00e9alement situ\u00e9 face \u00e0\u00a0la place de la Com\u00e9die, en plein centre de la cit\u00e9 girondine. D\u00e8s lors, les insultes fusent, devant les salari\u00e9s&#8230; et les clients\u00a0: \u00ab\u00a0Il a commenc\u00e9 \u00e0 faire son show, \u00e0 dire qu\u2019on s\u2019\u00e9tait laiss\u00e9 \u201cenvahir\u201d, qu\u2019il allait tous nous virer, qu\u2019il allait remettre de l\u2019ordre\u00a0\u00bb, se souvient un des chefs de rang de l&rsquo;\u00e9tablissement aupr\u00e8s du m\u00e9dia en ligne.<\/p>\n<p>Le \u00ab show\u00a0\u00bb\u00a0dure pr\u00e8s de cinq heures, pendant lesquelles Daniel\u00a0Marion est accus\u00e9 d&rsquo;avoir prof\u00e9r\u00e9 et r\u00e9it\u00e9r\u00e9 des propos racistes, islamophobes, x\u00e9nophobes, sexistes et homophobes, au fil de longues d\u00e9ambulations en tous sens dans le\u00a0restaurant, comme en t\u00e9moignent les images de vid\u00e9osurveillance. Au total, pas moins de 17 salari\u00e9s\u00a0ont\u00a0fini par d\u00e9poser plainte le 30 octobre. Quatre salari\u00e9s sont, depuis, en arr\u00eat maladie. L&rsquo;un d&rsquo;eux a \u00e9t\u00e9 requalifi\u00e9 en accident du travail. \u00ab\u00a0Notre patron a litt\u00e9ralement p\u00e9t\u00e9 un plomb\u00a0\u00bb, confirme un salari\u00e9 interrog\u00e9 par la radio <a href=\"https:\/\/www.francebleu.fr\/infos\/faits-divers-justice\/des-propos-nauseabonds-le-patron-du-cafe-restaurant-le-regent-a-bordeaux-accuse-de-racisme-par-plusieurs-salaries-2622445\" target=\"_blank\" rel=\"nofollow noopener\">Ici Gironde<\/a>. Il \u00ab\u00a0est arriv\u00e9 un peu pompette apr\u00e8s un repas d&rsquo;affaires et l\u00e0, il a commenc\u00e9 \u00e0 partir sur un d\u00e9lire raciste en pr\u00e9textant qu&rsquo;il s&rsquo;\u00e9tait laiss\u00e9 envahir par les \u00e9trangers, qu&rsquo;il allait remettre de l&rsquo;ordre, qu&rsquo;il allait blanchir tout \u00e7a\u00a0\u00bb.<\/p>\n<p>  Un patron \u00ab\u00a0drogu\u00e9\u00a0\u00bb\u00a0?<\/p>\n<p>Daniel Marion, qui poss\u00e8de plusieurs autres restaurants en France, qualifie par la voix de son avocat les faits d&rsquo;\u00ab\u00a0inexplicables, inqualifiables et intol\u00e9rables\u00a0\u00bb. Pour autant, il fait savoir qu&rsquo;il n&rsquo;a \u00ab\u00a0aucun souvenir du d\u00e9roulement de l&rsquo;apr\u00e8s-midi du 6 octobre\u00a0\u00bb. Il \u00e9voque un \u00ab\u00a0trou noir d&rsquo;environ 16 heures\u00a0\u00bb, entre le repas avec son fournisseur et&#8230; le lendemain matin. \u00ab\u00a0Il ne sait m\u00eame pas comment il a rejoint son domicile\u00a0\u00bb, insiste l&rsquo;avocat aupr\u00e8s de Mediapart et d&rsquo;Ici Gironde. \u00ab\u00a0Mon client, qui n\u2019a jamais agi avant de la sorte, \u00e9met l\u2019hypoth\u00e8se d\u2019avoir \u00e9t\u00e9 drogu\u00e9 tant l\u2019attitude et les propos qui lui sont attribu\u00e9s sont incompatibles avec sa nature et sa personnalit\u00e9\u00a0\u00bb, conclut-il. Il s&rsquo;est m\u00eame excus\u00e9 aupr\u00e8s du directeur du restaurant, \u00e9voquant \u00ab\u00a0l&rsquo;alcool et la col\u00e8re\u00a0\u00bb qui \u00ab\u00a0ne font pas bon m\u00e9nage\u00a0\u00bb. <\/p>\n<p>Probl\u00e8me\u00a0: d&rsquo;autres propos tout aussi racistes auraient \u00e9t\u00e9 tenus les jours suivants aupr\u00e8s de son associ\u00e9, \u00e0 savoir entre le 10 et le 14 octobre.\u00a0Contact\u00e9, l&rsquo;avocat de Daniel Marion, Me Fabien-Jean Garrigues, n&rsquo;a pour l&rsquo;heure pas r\u00e9pondu.<\/p>\n<p class=\"note\">&gt;&gt; Lire l&rsquo;artice de <a href=\"https:\/\/www.mediapart.fr\/journal\/france\/071125\/sous-le-choc-des-saillies-racistes-de-leur-patron-17-employes-d-un-grand-cafe-bordelais-portent-plainte\" target=\"_blank\" rel=\"nofollow noopener\">Mediapart<\/a>.<\/p>\n","protected":false},"excerpt":{"rendered":"Plusieurs salari\u00e9s du R\u00e9gent sont toujours en arr\u00eat maladie depuis cette journ\u00e9e qu&rsquo;ils qualifient \u00ab\u00a0d&rsquo;ouragan\u00a0\u00bb\u00a0: le 6 octobre&hellip;\n","protected":false},"author":2,"featured_media":518706,"comment_status":"","ping_status":"","sticky":false,"template":"","format":"standard","meta":{"footnotes":""},"categories":[2817],"tags":[1111,11,1997,271,272,1777,674,274,107,1011,27,329,12,2219,25,801],"class_list":{"0":"post-518705","1":"post","2":"type-post","3":"status-publish","4":"format-standard","5":"has-post-thumbnail","7":"category-bordeaux","8":"tag-actu","9":"tag-actualites","10":"tag-bordeaux","11":"tag-crime","12":"tag-delit-et-contravention","13":"tag-eu","14":"tag-europe","15":"tag-faits-divers-justice","16":"tag-fil-info","17":"tag-fr","18":"tag-france","19":"tag-france-monde","20":"tag-news","21":"tag-nouvelle-aquitaine","22":"tag-republique-francaise","23":"tag-social"},"share_on_mastodon":{"url":"https:\/\/pubeurope.com\/@fr\/115509575344458615","error":""},"_links":{"self":[{"href":"https:\/\/www.europesays.com\/fr\/wp-json\/wp\/v2\/posts\/518705","targetHints":{"allow":["GET"]}}],"collection":[{"href":"https:\/\/www.europesays.com\/fr\/wp-json\/wp\/v2\/posts"}],"about":[{"href":"https:\/\/www.europesays.com\/fr\/wp-json\/wp\/v2\/types\/post"}],"author":[{"embeddable":true,"href":"https:\/\/www.europesays.com\/fr\/wp-json\/wp\/v2\/users\/2"}],"replies":[{"embeddable":true,"href":"https:\/\/www.europesays.com\/fr\/wp-json\/wp\/v2\/comments?post=518705"}],"version-history":[{"count":0,"href":"https:\/\/www.europesays.com\/fr\/wp-json\/wp\/v2\/posts\/518705\/revisions"}],"wp:featuredmedia":[{"embeddable":true,"href":"https:\/\/www.europesays.com\/fr\/wp-json\/wp\/v2\/media\/518706"}],"wp:attachment":[{"href":"https:\/\/www.europesays.com\/fr\/wp-json\/wp\/v2\/media?parent=518705"}],"wp:term":[{"taxonomy":"category","embeddable":true,"href":"https:\/\/www.europesays.com\/fr\/wp-json\/wp\/v2\/categories?post=518705"},{"taxonomy":"post_tag","embeddable":true,"href":"https:\/\/www.europesays.com\/fr\/wp-json\/wp\/v2\/tags?post=518705"}],"curies":[{"name":"wp","href":"https:\/\/api.w.org\/{rel}","templated":true}]}}