{"id":518711,"date":"2025-11-07T17:25:11","date_gmt":"2025-11-07T17:25:11","guid":{"rendered":"https:\/\/www.europesays.com\/fr\/518711\/"},"modified":"2025-11-07T17:25:11","modified_gmt":"2025-11-07T17:25:11","slug":"upa-le-nom-du-jeune-panda-roux-du-zoo-actualites","status":"publish","type":"post","link":"https:\/\/www.europesays.com\/fr\/518711\/","title":{"rendered":"\u00ab\u00a0UPA\u00a0\u00bb, le nom du jeune panda roux du zoo ! \/ Actualit\u00e9s"},"content":{"rendered":"<p><strong>Du 31 octobre au 07 novembre 2025, plus de 3 700 personnes ont r\u00e9pondu \u00e0 l\u2019appel de la Ville de Lille pour choisir, via le site participez.lille.fr, le nom du jeune panda roux du parc zoologique de Lille.<\/strong><\/p>\n<p>            <img loading=\"lazy\" decoding=\"async\" src=\"\/var\/www\/storage\/images\/mediatheque\/mairie-de-lille\/mini-sites\/zoo-de-lille\/bebe-panda-2025\/bebe-panda\/3852673-1-fre-FR\/Bebe-panda_news_image_top.jpg\" width=\"779\" height=\"519\" alt=\"\"\/><br \/>\n    \tExamen v\u00e9t\u00e9rinaire du jeune panda \u00a9 Thomas Lo Presti &#8211; Dicom\/Ville de Lille<\/p>\n<p>Parmi les trois noms propos\u00e9s, <strong>Upa<\/strong> (diminutif de Upahaar = cadeau en hindi) a \u00e9t\u00e9 le plus pl\u00e9biscit\u00e9, <strong>recueillant 47% des votes<\/strong>, alors que Koshi (diminutif de Koshi tapu = r\u00e9serve au N\u00e9pal) en a compt\u00e9 34% et Jun (diminutif de Nagarjun = r\u00e9serve au N\u00e9pal) 19%<\/p>\n<p>N\u00e9 au zoo de Lille, le 16 juillet 2025, Upa grandit \u00e0 l\u2019abri, dans son nid, aupr\u00e8s de sa m\u00e8re. Cette naissance est une tr\u00e8s bonne nouvelle pour le programme de conservation Ex situ de l\u2019EAZA (Association europ\u00e9enne des zoos et aquariums) et la sauvegarde de l\u2019esp\u00e8ce. En Chine, l\u2019esp\u00e8ce a perdu pr\u00e8s de 40% de ses effectifs durant les 50 derni\u00e8res ann\u00e9es. Il est estim\u00e9 que d\u2019ici 30 ans, la population de pandas roux aura encore diminu\u00e9 de 10%. Comme ses parents, le jeune panda jouera un r\u00f4le d\u2019ambassadeur et permettra de sensibiliser les visiteurs sur la situation de ses cong\u00e9n\u00e8res dans le milieu naturel.<\/p>\n<p>Encore un week-end pour profiter du zoo avant la fermeture hivernale !<\/p>\n<p>Il reste encore deux jours pour profiter du zoo, et (re)d\u00e9couvrir, notamment, l\u2019espace Voyage exotique r\u00e9cemment agrandi et de profiter des animations propos\u00e9es !<\/p>\n<p>Plus d&rsquo;infos sur l&rsquo;extension de l&rsquo;espace Voyage exotique :\u00a0<a href=\"https:\/\/www.lille.fr\/Zoo-de-Lille\/Actualites\/Decouvrez-le-nouvel-espace-du-Voyage-exotique\" title=\"L&#039;extension de l&#039;espace Voyage exotique (nouvelle fen\u00eatre)\" target=\"_blank\" class=\"lien_interne\" rel=\"noopener\">ici<\/a><\/p>\n<p>Plus d&rsquo;infos sur la programmation d&rsquo;animations : <a href=\"https:\/\/www.lille.fr\/Zoo-de-Lille\/Actualites\/Dernier-week-end-d-animations-avant-la-fermeture-hivernale2\" title=\"Les animations du week-end (nouvelle fen\u00eatre)\" target=\"_blank\" class=\"lien_interne\" rel=\"noopener\">ici<\/a><\/p>\n","protected":false},"excerpt":{"rendered":"Du 31 octobre au 07 novembre 2025, plus de 3 700 personnes ont r\u00e9pondu \u00e0 l\u2019appel de la&hellip;\n","protected":false},"author":2,"featured_media":397902,"comment_status":"","ping_status":"","sticky":false,"template":"","format":"standard","meta":{"footnotes":""},"categories":[2815],"tags":[1111,11,4763,1777,674,1011,27,811,1307,5415,12,25],"class_list":{"0":"post-518711","1":"post","2":"type-post","3":"status-publish","4":"format-standard","5":"has-post-thumbnail","7":"category-lille","8":"tag-actu","9":"tag-actualites","10":"tag-agenda","11":"tag-eu","12":"tag-europe","13":"tag-fr","14":"tag-france","15":"tag-hauts-de-france","16":"tag-lille","17":"tag-mairie","18":"tag-news","19":"tag-republique-francaise"},"share_on_mastodon":{"url":"https:\/\/pubeurope.com\/@fr\/115509588084553416","error":""},"_links":{"self":[{"href":"https:\/\/www.europesays.com\/fr\/wp-json\/wp\/v2\/posts\/518711","targetHints":{"allow":["GET"]}}],"collection":[{"href":"https:\/\/www.europesays.com\/fr\/wp-json\/wp\/v2\/posts"}],"about":[{"href":"https:\/\/www.europesays.com\/fr\/wp-json\/wp\/v2\/types\/post"}],"author":[{"embeddable":true,"href":"https:\/\/www.europesays.com\/fr\/wp-json\/wp\/v2\/users\/2"}],"replies":[{"embeddable":true,"href":"https:\/\/www.europesays.com\/fr\/wp-json\/wp\/v2\/comments?post=518711"}],"version-history":[{"count":0,"href":"https:\/\/www.europesays.com\/fr\/wp-json\/wp\/v2\/posts\/518711\/revisions"}],"wp:featuredmedia":[{"embeddable":true,"href":"https:\/\/www.europesays.com\/fr\/wp-json\/wp\/v2\/media\/397902"}],"wp:attachment":[{"href":"https:\/\/www.europesays.com\/fr\/wp-json\/wp\/v2\/media?parent=518711"}],"wp:term":[{"taxonomy":"category","embeddable":true,"href":"https:\/\/www.europesays.com\/fr\/wp-json\/wp\/v2\/categories?post=518711"},{"taxonomy":"post_tag","embeddable":true,"href":"https:\/\/www.europesays.com\/fr\/wp-json\/wp\/v2\/tags?post=518711"}],"curies":[{"name":"wp","href":"https:\/\/api.w.org\/{rel}","templated":true}]}}