{"id":518712,"date":"2025-11-07T17:26:15","date_gmt":"2025-11-07T17:26:15","guid":{"rendered":"https:\/\/www.europesays.com\/fr\/518712\/"},"modified":"2025-11-07T17:26:15","modified_gmt":"2025-11-07T17:26:15","slug":"lille-les-parents-de-mathis-tue-par-un-chauffard-sous-protoxyde-dazote-reclament-une-loi","status":"publish","type":"post","link":"https:\/\/www.europesays.com\/fr\/518712\/","title":{"rendered":"Lille. Les parents de Mathis, tu\u00e9 par un chauffard sous protoxyde d&rsquo;azote, r\u00e9clament une loi"},"content":{"rendered":"<p>Les parents du jeune Mathis, <a href=\"https:\/\/www.ledauphine.com\/faits-divers-justice\/2025\/11\/03\/un-etudiant-meurt-percute-par-un-automobiliste-apres-un-refus-d-obtemperer-le-conducteur-incarcere\" target=\"_blank\" rel=\"noopener\">tu\u00e9 \u00e0 19 ans d\u00e9but novembre en plein centre de Lille<\/a> par un conducteur ayant consomm\u00e9 du protoxyde d&rsquo;azote, r\u00e9clament la \u00ab s\u00e9v\u00e9rit\u00e9 \u00bb et une loi interdisant sp\u00e9cifiquement de conduire quand on a en a consomm\u00e9, a indiqu\u00e9 leur avocat ce vendredi.<\/p>\n<p>Les obs\u00e8ques sont pr\u00e9vues lundi \u00ab dans l&rsquo;intimit\u00e9 familiale \u00bb et une marche blanche pour rendre hommage au jeune homme est organis\u00e9e le lendemain mardi \u00e0 14h \u00e0 Saint-Omer (Pas-de-Calais), o\u00f9 habite sa famille, a pr\u00e9cis\u00e9 leur avocat, Me Antoine R\u00e9gley.<\/p>\n<p>De nombreux hommages lui ont d\u00e9j\u00e0 \u00e9t\u00e9 rendus sous forme de messages et de fleurs attach\u00e9s \u00e0 un arbre pr\u00e8s du lieu de l&rsquo;accident, o\u00f9 se recueillent r\u00e9guli\u00e8rement des passants. \u00ab Apr\u00e8s le temps de l&rsquo;hommage et du recueillement, viendra celui des combats pour que justice soit rendue \u00bb, a poursuivi l&rsquo;avocat.<\/p>\n<p>\u00ab V\u00e9rit\u00e9\u00a0\u00bb et \u00ab s\u00e9v\u00e9rit\u00e9\u00a0\u00bb<\/p>\n<p>Les parents, Laetitia et Emmanuel, demandent la \u00ab v\u00e9rit\u00e9 \u00bb et \u00ab la rapidit\u00e9 \u00bb, pour que le suspect interpell\u00e9 imm\u00e9diatement apr\u00e8s les faits ne soit pas lib\u00e9r\u00e9 avant d&rsquo;\u00eatre jug\u00e9, a d\u00e9clar\u00e9 Me R\u00e9gley. Ils souhaitent \u00e9galement la \u00ab s\u00e9v\u00e9rit\u00e9 \u00bb, a soulign\u00e9 l&rsquo;avocat, d\u00e9plorant que l&rsquo;homme, mis en examen pour homicide routier, risque un maximum de 10 ans de prison, et que la consommation de protoxyde d&rsquo;azote ne soit pas punie par la loi. Ils veulent rencontrer le ministre de la Justice <a href=\"https:\/\/www.ledauphine.com\/p\/gerald-darmanin\" target=\"_blank\" rel=\"noopener\">G\u00e9rald Darmanin<\/a> \u00ab pour lui faire des propositions concr\u00e8tes \u00bb, dont celle de \u00ab l\u00e9gif\u00e9rer sur la consommation de protoxyde d&rsquo;azote au volant \u00bb, afin de l&rsquo;interdire et d&rsquo;en faire \u00ab un chef de pr\u00e9vention autonome \u00bb.<\/p>\n<p>Le S\u00e9nat a vot\u00e9 en mars la p\u00e9nalisation de l&rsquo;usage d\u00e9tourn\u00e9 du protoxyde d&rsquo;azote ou \u00ab gaz hilarant \u00bb, sans viser sp\u00e9cifiquement la conduite ni aller jusqu&rsquo;\u00e0 interdire totalement sa vente aux particuliers, comme l&rsquo;avaient fait auparavant les d\u00e9put\u00e9s. L&rsquo;avenir de cette loi d\u00e9pendra des n\u00e9gociations entre les deux chambres.<\/p>\n<p>Mathis a \u00e9t\u00e9 tu\u00e9 samedi 1er novembre \u00e0 4h48 du matin, \u00ab percut\u00e9 par un v\u00e9hicule qui roulait \u00e0 vive allure \u00bb, a indiqu\u00e9 lundi le procureur de Lille Samuel Finielz, selon qui l&rsquo;enqu\u00eate a \u00e9tabli \u00ab une consommation de protoxyde d&rsquo;azote contemporaine de la conduite du v\u00e9hicule \u00bb. Le conducteur pr\u00e9sum\u00e9, un homme \u00e2g\u00e9 de 31 ans \u00ab connu pour des d\u00e9lits routiers \u00bb, a \u00e9t\u00e9 mis en examen dimanche pour homicide routier avec trois circonstances aggravantes: violation manifestement d\u00e9lib\u00e9r\u00e9e d&rsquo;une obligation de s\u00e9curit\u00e9 et de prudence, d\u00e9lit de fuite et refus d&rsquo;obtemp\u00e9rer. Il a \u00e9t\u00e9 plac\u00e9 en d\u00e9tention provisoire.<\/p>\n","protected":false},"excerpt":{"rendered":"Les parents du jeune Mathis, tu\u00e9 \u00e0 19 ans d\u00e9but novembre en plein centre de Lille par un&hellip;\n","protected":false},"author":2,"featured_media":518713,"comment_status":"","ping_status":"","sticky":false,"template":"","format":"standard","meta":{"footnotes":""},"categories":[2815],"tags":[119,1111,11,1777,674,274,107,1011,27,329,811,1307,12,25],"class_list":{"0":"post-518712","1":"post","2":"type-post","3":"status-publish","4":"format-standard","5":"has-post-thumbnail","7":"category-lille","8":"tag-accident","9":"tag-actu","10":"tag-actualites","11":"tag-eu","12":"tag-europe","13":"tag-faits-divers-justice","14":"tag-fil-info","15":"tag-fr","16":"tag-france","17":"tag-france-monde","18":"tag-hauts-de-france","19":"tag-lille","20":"tag-news","21":"tag-republique-francaise"},"share_on_mastodon":{"url":"https:\/\/pubeurope.com\/@fr\/115509591049586342","error":""},"_links":{"self":[{"href":"https:\/\/www.europesays.com\/fr\/wp-json\/wp\/v2\/posts\/518712","targetHints":{"allow":["GET"]}}],"collection":[{"href":"https:\/\/www.europesays.com\/fr\/wp-json\/wp\/v2\/posts"}],"about":[{"href":"https:\/\/www.europesays.com\/fr\/wp-json\/wp\/v2\/types\/post"}],"author":[{"embeddable":true,"href":"https:\/\/www.europesays.com\/fr\/wp-json\/wp\/v2\/users\/2"}],"replies":[{"embeddable":true,"href":"https:\/\/www.europesays.com\/fr\/wp-json\/wp\/v2\/comments?post=518712"}],"version-history":[{"count":0,"href":"https:\/\/www.europesays.com\/fr\/wp-json\/wp\/v2\/posts\/518712\/revisions"}],"wp:featuredmedia":[{"embeddable":true,"href":"https:\/\/www.europesays.com\/fr\/wp-json\/wp\/v2\/media\/518713"}],"wp:attachment":[{"href":"https:\/\/www.europesays.com\/fr\/wp-json\/wp\/v2\/media?parent=518712"}],"wp:term":[{"taxonomy":"category","embeddable":true,"href":"https:\/\/www.europesays.com\/fr\/wp-json\/wp\/v2\/categories?post=518712"},{"taxonomy":"post_tag","embeddable":true,"href":"https:\/\/www.europesays.com\/fr\/wp-json\/wp\/v2\/tags?post=518712"}],"curies":[{"name":"wp","href":"https:\/\/api.w.org\/{rel}","templated":true}]}}