{"id":518715,"date":"2025-11-07T17:28:23","date_gmt":"2025-11-07T17:28:23","guid":{"rendered":"https:\/\/www.europesays.com\/fr\/518715\/"},"modified":"2025-11-07T17:28:23","modified_gmt":"2025-11-07T17:28:23","slug":"auteur-dune-infraction-aux-regles-de-lurbanisme-a-marseille-le-chef-gerald-passedat-pourrait-echapper-a-une-peine","status":"publish","type":"post","link":"https:\/\/www.europesays.com\/fr\/518715\/","title":{"rendered":"Auteur d&rsquo;une infraction aux r\u00e8gles de l&rsquo;urbanisme \u00e0 Marseille, le chef G\u00e9rald Pass\u00e9dat pourrait \u00e9chapper \u00e0 une peine"},"content":{"rendered":"<p>En son absence, <a href=\"https:\/\/www.laprovence.com\/article\/faits-divers-justice\/1618308306947715\/au-tribunal-la-bataille-entre-gerald-passedat-et-les-services-de-lurbanisme-de-marseille\" target=\"_blank\" rel=\"noopener\">G\u00e9rald Pass\u00e9dat avait \u00e9t\u00e9 convoqu\u00e9 devant la justice en octobre dernier pour la construction dans le quartier d\u2019Endoume (7e)<\/a> d\u2019une petite maison de trois \u00e9tages, dont deux habitables, pour 58\u00a0m\u00b2 au total, afin d\u2019y loger ses employ\u00e9s. Dans cette optique, le chef avait sollicit\u00e9 et obtenu un permis de construire en\u00a02018, mais le chantier avait tra\u00een\u00e9 en longueur. \u00ab\u00a0Mon client a jou\u00e9 de malchance. Il a obtenu un permis de construire en toute l\u00e9galit\u00e9 mais ensuite, il a d\u00fb subir une greffe de foie, puis le Covid et le PLU a chang\u00e9\u2026 \u00ab\u00a0, rembobine Me Julie Salvi, son avocate.<\/p>\n<p>\u00ab\u00a0Nous allons abaisser l\u2019\u00e9gout du toit\u00a0\u00bb<\/p>\n<p>En effet, lorsque la&#8230;<\/p>\n","protected":false},"excerpt":{"rendered":"En son absence, G\u00e9rald Pass\u00e9dat avait \u00e9t\u00e9 convoqu\u00e9 devant la justice en octobre dernier pour la construction dans&hellip;\n","protected":false},"author":2,"featured_media":518716,"comment_status":"","ping_status":"","sticky":false,"template":"","format":"standard","meta":{"footnotes":""},"categories":[2814],"tags":[17,1111,11,3355,1007,4440,1777,674,274,1011,27,63914,63915,884,12,882,3669,25],"class_list":{"0":"post-518715","1":"post","2":"type-post","3":"status-publish","4":"format-standard","5":"has-post-thumbnail","7":"category-marseille","8":"tag-17","9":"tag-actu","10":"tag-actualites","11":"tag-auteur","12":"tag-aux","13":"tag-dune","14":"tag-eu","15":"tag-europe","16":"tag-faits-divers-justice","17":"tag-fr","18":"tag-france","19":"tag-infraction","20":"tag-lurbanisme","21":"tag-marseille","22":"tag-news","23":"tag-provence-alpes-cote-dazur","24":"tag-regles","25":"tag-republique-francaise"},"share_on_mastodon":{"url":"https:\/\/pubeurope.com\/@fr\/115509598987760168","error":""},"_links":{"self":[{"href":"https:\/\/www.europesays.com\/fr\/wp-json\/wp\/v2\/posts\/518715","targetHints":{"allow":["GET"]}}],"collection":[{"href":"https:\/\/www.europesays.com\/fr\/wp-json\/wp\/v2\/posts"}],"about":[{"href":"https:\/\/www.europesays.com\/fr\/wp-json\/wp\/v2\/types\/post"}],"author":[{"embeddable":true,"href":"https:\/\/www.europesays.com\/fr\/wp-json\/wp\/v2\/users\/2"}],"replies":[{"embeddable":true,"href":"https:\/\/www.europesays.com\/fr\/wp-json\/wp\/v2\/comments?post=518715"}],"version-history":[{"count":0,"href":"https:\/\/www.europesays.com\/fr\/wp-json\/wp\/v2\/posts\/518715\/revisions"}],"wp:featuredmedia":[{"embeddable":true,"href":"https:\/\/www.europesays.com\/fr\/wp-json\/wp\/v2\/media\/518716"}],"wp:attachment":[{"href":"https:\/\/www.europesays.com\/fr\/wp-json\/wp\/v2\/media?parent=518715"}],"wp:term":[{"taxonomy":"category","embeddable":true,"href":"https:\/\/www.europesays.com\/fr\/wp-json\/wp\/v2\/categories?post=518715"},{"taxonomy":"post_tag","embeddable":true,"href":"https:\/\/www.europesays.com\/fr\/wp-json\/wp\/v2\/tags?post=518715"}],"curies":[{"name":"wp","href":"https:\/\/api.w.org\/{rel}","templated":true}]}}