{"id":518717,"date":"2025-11-07T17:29:10","date_gmt":"2025-11-07T17:29:10","guid":{"rendered":"https:\/\/www.europesays.com\/fr\/518717\/"},"modified":"2025-11-07T17:29:10","modified_gmt":"2025-11-07T17:29:10","slug":"pres-de-lyon-une-violente-bagarre-filmee-dans-cette-commune-tranquille-ce-quil-sest-passe","status":"publish","type":"post","link":"https:\/\/www.europesays.com\/fr\/518717\/","title":{"rendered":"Pr\u00e8s de Lyon. Une violente bagarre film\u00e9e dans cette commune \u00ab\u00a0tranquille\u00a0\u00bb : ce qu&rsquo;il s&rsquo;est pass\u00e9"},"content":{"rendered":"<p>            Par<br \/>\n        <strong><br \/>\n            <a href=\"https:\/\/actu.fr\/auteur\/julien-damboise\" title=\"Consulter tous les articles de Julien Damboise\" target=\"_blank\" rel=\"noopener\">Julien Damboise<\/a><br \/>\n        <\/strong><\/p>\n<p>        Publi\u00e9 le<\/p>\n<p>            7 nov. 2025 \u00e0 17h38        <\/p>\n<p>Une violente <strong>bagarre arm\u00e9e<\/strong> s\u2019est d\u00e9roul\u00e9e il y a quelques jours \u00e0 <a href=\"https:\/\/actu.fr\/auvergne-rhone-alpes\/lozanne_69121\" target=\"_blank\" rel=\"noopener\">Lozanne<\/a>, petite commune tranquille du Rh\u00f4ne, au nord-est de <a href=\"https:\/\/actu.fr\/lyon\/\" target=\"_blank\" rel=\"noopener\">Lyon<\/a>. Un d\u00e9chainement de violences qui a fait deux bless\u00e9s. La gendarmerie a men\u00e9 une enqu\u00eate avec des <strong>moyens sp\u00e9ciaux<\/strong> pour retrouver les agresseurs pr\u00e9sum\u00e9s, et notamment l\u2019auteur des coups de couteau.<\/p>\n<p>    <a href=\"https:\/\/www.google.com\/maps\/embed?pb=!1m18!1m12!1m3!1d127557.46763543779!2d4.581718641216128!3d45.836602512283086!2m3!1f0!2f0!3f0!3m2!1i1024!2i768!4f13.1!3m3!1m2!1s0x47f48da5990746cf%3A0x408ab2ae4bb2210!2s69380%20Lozanne!5e1!3m2!1sfr!2sfr!4v1762524868837!5m2!1sfr!2sfr\" title=\"Ouvrie le lien\" target=\"_blank\" rel=\"noopener\">Cliquez ici pour visualiser le contenu<\/a><\/p>\n<p>Poignard\u00e9s \u00e0 la gorge et au dos<\/p>\n<p class=\" wall-content\">Il \u00e9tait environ 21h30, rue du Pont, dans la soir\u00e9e du jeudi 23 au vendredi 24 octobre, quand une rixe a \u00e9clat\u00e9 \u00e0 Lozanne, avec plusieurs individus impliqu\u00e9s.<\/p>\n<p class=\" wall-content\">Durant l\u2019\u00e9change de coups, l\u2019un des protagonistes a <strong>d\u00e9gain\u00e9 un couteau<\/strong> pour blesser deux personnes avant de prendre la fuite avec ses complices. Quand les gendarmes ont d\u00e9barqu\u00e9 pour boucler la zone, l\u2019individu arm\u00e9 avait d\u00e9j\u00e0 pris la fuite.<\/p>\n<p class=\" wall-content\">Les secours sont intervenus pour prendre en charge les deux victimes, l\u2019une<strong> touch\u00e9e \u00e0 la gorge<\/strong>, l\u2019autre \u00e0 plusieurs reprises au dos, transport\u00e9es en urgence \u00e0 l\u2019h\u00f4pital d\u2019apr\u00e8s les militaires.<\/p>\n<p>Des relev\u00e9s sur place, la sc\u00e8ne film\u00e9e<\/p>\n<p class=\" wall-content\">Selon nos informations, les faits se sont d\u00e9roul\u00e9s sous l\u2019objectif d\u2019au moins une cam\u00e9ra de <a href=\"https:\/\/actu.fr\/tag\/videosurveillance\" target=\"_blank\" rel=\"noopener\">vid\u00e9osurveillance<\/a>. Une bagarre \u00ab\u00a0tr\u00e8s rapide, de moins d\u2019une minute\u00a0\u00bb, selon la police municipale de la ville de 3 500 habitants qui d\u00e9crit \u00ab\u00a0une commune tranquille\u00a0\u00bb ou un tel acte \u00ab\u00a0est une premi\u00e8re\u00a0\u00bb.<\/p>\n<p class=\" wall-content\">En plus des images, la police scientifique de la gendarmerie s\u2019est d\u00e9plac\u00e9e pour des constatations, en \u00e9tudiant les indices laiss\u00e9s sur place, comme les<strong> traces de sang<\/strong> d\u00e9pos\u00e9es au sol par les victimes.\u00a0<\/p>\n<p>Votre r\u00e9gion, votre actu !<\/p>\n<p>Recevez chaque jour les infos qui comptent pour vous.<\/p>\n<p>\t<a href=\"https:\/\/actu.fr\/newsletter\" class=\"ac-btn ac-btn--corner ac-btn--medium ac-btn--blue800\" target=\"_blank\" rel=\"noopener\">S&rsquo;incrire<\/a><br \/>\nQuatre interpellations<\/p>\n<p class=\" wall-content\">Apr\u00e8s une rapide enqu\u00eate, quatre suspects ont \u00e9t\u00e9 interpell\u00e9s et plac\u00e9s en garde \u00e0 vue dont <strong>l\u2019auteur de l\u2019agression<\/strong> \u00e0 l\u2019arme blanche.\u00a0<\/p>\n<p class=\" wall-content\">Selon les militaires, ce dernier passera \u00ab\u00a0les prochains jours en prison\u00a0\u00bb.\u00a0<\/p>\n<p class=\" wall-content\">Personnalisez votre actualit\u00e9 en ajoutant vos villes et m\u00e9dias en favori avec <a href=\"https:\/\/moncompte.actu.fr\" title=\"D\u00e9couvez Mon Actu\" rel=\"nofollow noopener\" data-trk=\"{&quot;cta&quot;:{&quot;action&quot;:&quot;https:\\\/\\\/moncompte.actu.fr&quot;,&quot;category&quot;:&quot;mon compte&quot;,&quot;from&quot;:&quot;article footer&quot;,&quot;name&quot;:&quot;Mon actu&quot;,&quot;type&quot;:&quot;cta&quot;}}\" target=\"_blank\">Mon Actu<\/a>.<\/p>\n","protected":false},"excerpt":{"rendered":"Par Julien Damboise Publi\u00e9 le 7 nov. 2025 \u00e0 17h38 Une violente bagarre arm\u00e9e s\u2019est d\u00e9roul\u00e9e il y&hellip;\n","protected":false},"author":2,"featured_media":518718,"comment_status":"","ping_status":"","sticky":false,"template":"","format":"standard","meta":{"footnotes":""},"categories":[1889],"tags":[1111,11,2430,1777,674,118,1011,27,3381,2825,2428,12,1072,25],"class_list":{"0":"post-518717","1":"post","2":"type-post","3":"status-publish","4":"format-standard","5":"has-post-thumbnail","7":"category-lyon","8":"tag-actu","9":"tag-actualites","10":"tag-auvergne-rhone-alpes","11":"tag-eu","12":"tag-europe","13":"tag-faits-divers","14":"tag-fr","15":"tag-france","16":"tag-gendarmerie","17":"tag-insecurite","18":"tag-lyon","19":"tag-news","20":"tag-police","21":"tag-republique-francaise"},"share_on_mastodon":{"url":"https:\/\/pubeurope.com\/@fr\/115509602882040896","error":""},"_links":{"self":[{"href":"https:\/\/www.europesays.com\/fr\/wp-json\/wp\/v2\/posts\/518717","targetHints":{"allow":["GET"]}}],"collection":[{"href":"https:\/\/www.europesays.com\/fr\/wp-json\/wp\/v2\/posts"}],"about":[{"href":"https:\/\/www.europesays.com\/fr\/wp-json\/wp\/v2\/types\/post"}],"author":[{"embeddable":true,"href":"https:\/\/www.europesays.com\/fr\/wp-json\/wp\/v2\/users\/2"}],"replies":[{"embeddable":true,"href":"https:\/\/www.europesays.com\/fr\/wp-json\/wp\/v2\/comments?post=518717"}],"version-history":[{"count":0,"href":"https:\/\/www.europesays.com\/fr\/wp-json\/wp\/v2\/posts\/518717\/revisions"}],"wp:featuredmedia":[{"embeddable":true,"href":"https:\/\/www.europesays.com\/fr\/wp-json\/wp\/v2\/media\/518718"}],"wp:attachment":[{"href":"https:\/\/www.europesays.com\/fr\/wp-json\/wp\/v2\/media?parent=518717"}],"wp:term":[{"taxonomy":"category","embeddable":true,"href":"https:\/\/www.europesays.com\/fr\/wp-json\/wp\/v2\/categories?post=518717"},{"taxonomy":"post_tag","embeddable":true,"href":"https:\/\/www.europesays.com\/fr\/wp-json\/wp\/v2\/tags?post=518717"}],"curies":[{"name":"wp","href":"https:\/\/api.w.org\/{rel}","templated":true}]}}