{"id":518719,"date":"2025-11-07T17:30:26","date_gmt":"2025-11-07T17:30:26","guid":{"rendered":"https:\/\/www.europesays.com\/fr\/518719\/"},"modified":"2025-11-07T17:30:26","modified_gmt":"2025-11-07T17:30:26","slug":"comment-la-ldlc-arena-releve-le-defi-des-grands-shows","status":"publish","type":"post","link":"https:\/\/www.europesays.com\/fr\/518719\/","title":{"rendered":"comment la LDLC Arena rel\u00e8ve le d\u00e9fi des grands shows"},"content":{"rendered":"<p>Lorsqu\u2019elle a ouvert, il y a bient\u00f4t deux ans, la LDLC Arena de D\u00e9cines-Charpieu avait un objectif\u00a0: r\u00e9volutionner l\u2019offre culturelle de la m\u00e9tropole lyonnaise et offrir une salle si moderne et modulable qu\u2019elle pourrait accueillir, d\u2019un jour sur l\u2019autre, aussi bien un match de l\u2019Asvel qu\u2019une superproduction am\u00e9ricaine.<\/p>\n<p>Un pari qui semble gagn\u00e9, si on regarde le programme de cette fin de semaine et de la suivante\u00a0: apr\u00e8s un concert des rockeurs punks celtiques de Dropkick Murphy\u2019s jeudi, la salle accueille ce vendredi le spectaculaire show de Katy Perry (avec une sc\u00e8ne en forme de signe infini et de nombreux \u00e9l\u00e9ments dans les airs) puis ce samedi le concert de Jamiroquai. Un \u00ab\u00a0\u00e9chauffement\u00a0\u00bb avant la semaine prochaine et la premi\u00e8re \u00e9tape fran\u00e7aise (deux&#8230;<\/p>\n","protected":false},"excerpt":{"rendered":"Lorsqu\u2019elle a ouvert, il y a bient\u00f4t deux ans, la LDLC Arena de D\u00e9cines-Charpieu avait un objectif\u00a0: r\u00e9volutionner&hellip;\n","protected":false},"author":2,"featured_media":518720,"comment_status":"","ping_status":"","sticky":false,"template":"","format":"standard","meta":{"footnotes":""},"categories":[1889],"tags":[1111,11,2430,1687,4624,3152,2757,3153,3154,1777,674,107,1011,27,2428,12,18283,25,2429,4604,3151,3140],"class_list":{"0":"post-518719","1":"post","2":"type-post","3":"status-publish","4":"format-standard","5":"has-post-thumbnail","7":"category-lyon","8":"tag-actu","9":"tag-actualites","10":"tag-auvergne-rhone-alpes","11":"tag-culture-loisirs","12":"tag-decines-charpieu","13":"tag-edition-est-lyonnais","14":"tag-edition-lyon-villeurbanne","15":"tag-edition-ouest-lyonnais","16":"tag-edition-sud-lyonnais","17":"tag-eu","18":"tag-europe","19":"tag-fil-info","20":"tag-fr","21":"tag-france","22":"tag-lyon","23":"tag-news","24":"tag-plaine-de-lest","25":"tag-republique-francaise","26":"tag-rhone","27":"tag-selection-abonne","28":"tag-selection-de-la-redaction-69","29":"tag-spectacle"},"share_on_mastodon":{"url":"https:\/\/pubeurope.com\/@fr\/115509606676885592","error":""},"_links":{"self":[{"href":"https:\/\/www.europesays.com\/fr\/wp-json\/wp\/v2\/posts\/518719","targetHints":{"allow":["GET"]}}],"collection":[{"href":"https:\/\/www.europesays.com\/fr\/wp-json\/wp\/v2\/posts"}],"about":[{"href":"https:\/\/www.europesays.com\/fr\/wp-json\/wp\/v2\/types\/post"}],"author":[{"embeddable":true,"href":"https:\/\/www.europesays.com\/fr\/wp-json\/wp\/v2\/users\/2"}],"replies":[{"embeddable":true,"href":"https:\/\/www.europesays.com\/fr\/wp-json\/wp\/v2\/comments?post=518719"}],"version-history":[{"count":0,"href":"https:\/\/www.europesays.com\/fr\/wp-json\/wp\/v2\/posts\/518719\/revisions"}],"wp:featuredmedia":[{"embeddable":true,"href":"https:\/\/www.europesays.com\/fr\/wp-json\/wp\/v2\/media\/518720"}],"wp:attachment":[{"href":"https:\/\/www.europesays.com\/fr\/wp-json\/wp\/v2\/media?parent=518719"}],"wp:term":[{"taxonomy":"category","embeddable":true,"href":"https:\/\/www.europesays.com\/fr\/wp-json\/wp\/v2\/categories?post=518719"},{"taxonomy":"post_tag","embeddable":true,"href":"https:\/\/www.europesays.com\/fr\/wp-json\/wp\/v2\/tags?post=518719"}],"curies":[{"name":"wp","href":"https:\/\/api.w.org\/{rel}","templated":true}]}}