{"id":518727,"date":"2025-11-07T17:37:11","date_gmt":"2025-11-07T17:37:11","guid":{"rendered":"https:\/\/www.europesays.com\/fr\/518727\/"},"modified":"2025-11-07T17:37:11","modified_gmt":"2025-11-07T17:37:11","slug":"un-incendie-se-declare-dans-un-camp-de-migrants-du-18eme-arrondissement","status":"publish","type":"post","link":"https:\/\/www.europesays.com\/fr\/518727\/","title":{"rendered":"un incendie se d\u00e9clare dans un camp de migrants du 18\u00e8me arrondissement"},"content":{"rendered":"<p>            Par<br \/>\n        <strong><br \/>\n            <a href=\"https:\/\/actu.fr\/auteur\/redaction-paris\" title=\"Consulter tous les articles de R\u00e9daction Paris\" target=\"_blank\" rel=\"noopener\">R\u00e9daction Paris<\/a><br \/>\n        <\/strong><\/p>\n<p>        Publi\u00e9 le<\/p>\n<p>            7 nov. 2025 \u00e0 17h40        <\/p>\n<p>Le nuage de fum\u00e9e gonfle et se d\u00e9ploie <strong>au-dessus des immeubles<\/strong>. Ce vendredi 7 novembre 2025 en milieu d\u2019apr\u00e8s-midi, un incendie s\u2019est d\u00e9clar\u00e9 dans le 18e arrondissement de Paris. Selon une source polici\u00e8re aupr\u00e8s d\u2019actu Paris, le feu provient d\u2019un camp de migrants install\u00e9 rue du Lieutenant-Colonel Dax, <strong>sous le p\u00e9riph\u00e9rique<\/strong>. Celui-ci a d\u2019ailleurs \u00e9t\u00e9 ferm\u00e9 en urgence dans les deux sens, durant une trentaine de minutes.<\/p>\n<p class=\" wall-content\">Il s\u2019agit, d\u2019apr\u00e8s les premiers \u00e9l\u00e9ments communiqu\u00e9s par <a href=\"https:\/\/actu.fr\/tag\/brigade-de-sapeurs-pompiers-de-paris\" target=\"_blank\" rel=\"noopener\">les sapeurs-pompiers de Paris<\/a>, d\u2019un feu d\u2019installation pr\u00e9caire, \u00e0 savoir des tentes. Pour l\u2019heure, aucun bilan n\u2019est connu.<\/p>\n<p class=\" wall-content\">\n<p class=\" wall-content\">Plus d\u2019informations \u00e0 venir\u2026<\/p>\n<p class=\" wall-content\">Personnalisez votre actualit\u00e9 en ajoutant vos villes et m\u00e9dias en favori avec <a href=\"https:\/\/moncompte.actu.fr\" title=\"D\u00e9couvez Mon Actu\" rel=\"nofollow noopener\" data-trk=\"{&quot;cta&quot;:{&quot;action&quot;:&quot;https:\\\/\\\/moncompte.actu.fr&quot;,&quot;category&quot;:&quot;mon compte&quot;,&quot;from&quot;:&quot;article footer&quot;,&quot;name&quot;:&quot;Mon actu&quot;,&quot;type&quot;:&quot;cta&quot;}}\" target=\"_blank\">Mon Actu<\/a>.<\/p>\n","protected":false},"excerpt":{"rendered":"Par R\u00e9daction Paris Publi\u00e9 le 7 nov. 2025 \u00e0 17h40 Le nuage de fum\u00e9e gonfle et se d\u00e9ploie&hellip;\n","protected":false},"author":2,"featured_media":2552,"comment_status":"","ping_status":"","sticky":false,"template":"","format":"standard","meta":{"footnotes":""},"categories":[1888],"tags":[11,3056,1777,674,118,1011,27,1310,12,626,25],"class_list":{"0":"post-518727","1":"post","2":"type-post","3":"status-publish","4":"format-standard","5":"has-post-thumbnail","7":"category-paris","8":"tag-actualites","9":"tag-brigade-de-sapeurs-pompiers-de-paris","10":"tag-eu","11":"tag-europe","12":"tag-faits-divers","13":"tag-fr","14":"tag-france","15":"tag-incendie","16":"tag-news","17":"tag-paris","18":"tag-republique-francaise"},"share_on_mastodon":{"url":"https:\/\/pubeurope.com\/@fr\/115509634533267078","error":""},"_links":{"self":[{"href":"https:\/\/www.europesays.com\/fr\/wp-json\/wp\/v2\/posts\/518727","targetHints":{"allow":["GET"]}}],"collection":[{"href":"https:\/\/www.europesays.com\/fr\/wp-json\/wp\/v2\/posts"}],"about":[{"href":"https:\/\/www.europesays.com\/fr\/wp-json\/wp\/v2\/types\/post"}],"author":[{"embeddable":true,"href":"https:\/\/www.europesays.com\/fr\/wp-json\/wp\/v2\/users\/2"}],"replies":[{"embeddable":true,"href":"https:\/\/www.europesays.com\/fr\/wp-json\/wp\/v2\/comments?post=518727"}],"version-history":[{"count":0,"href":"https:\/\/www.europesays.com\/fr\/wp-json\/wp\/v2\/posts\/518727\/revisions"}],"wp:featuredmedia":[{"embeddable":true,"href":"https:\/\/www.europesays.com\/fr\/wp-json\/wp\/v2\/media\/2552"}],"wp:attachment":[{"href":"https:\/\/www.europesays.com\/fr\/wp-json\/wp\/v2\/media?parent=518727"}],"wp:term":[{"taxonomy":"category","embeddable":true,"href":"https:\/\/www.europesays.com\/fr\/wp-json\/wp\/v2\/categories?post=518727"},{"taxonomy":"post_tag","embeddable":true,"href":"https:\/\/www.europesays.com\/fr\/wp-json\/wp\/v2\/tags?post=518727"}],"curies":[{"name":"wp","href":"https:\/\/api.w.org\/{rel}","templated":true}]}}