{"id":518728,"date":"2025-11-07T17:38:11","date_gmt":"2025-11-07T17:38:11","guid":{"rendered":"https:\/\/www.europesays.com\/fr\/518728\/"},"modified":"2025-11-07T17:38:11","modified_gmt":"2025-11-07T17:38:11","slug":"paris-laire-pietonne-sur-la-butte-montmartre-ne-sera-pas-effective-avant-les-elections-municipales","status":"publish","type":"post","link":"https:\/\/www.europesays.com\/fr\/518728\/","title":{"rendered":"Paris\u00a0: l\u2019aire pi\u00e9tonne sur la butte Montmartre \u00ab\u00a0ne sera pas effective avant les \u00e9lections municipales\u00a0\u00bb"},"content":{"rendered":"<p class=\"paragraph text_align_left lp-f-body-02\">C\u2019est ce qu\u2019on appelle un serpent de mer. Le sujet de la pi\u00e9tonnisation de la <a href=\"https:\/\/www.leparisien.fr\/paris-75\/paris-face-a-la-pietonnisation-de-la-butte-montmartre-se-rebelle-20-03-2025-TIGOQTC7PJHQXLNXFYJTUKI5FE.php\" target=\"_blank\" rel=\"noreferrer nofollow noopener\">butte Montmartre<\/a> (XVIIIe) occupe les esprits du quartier depuis de longs mois. Lanc\u00e9 en 2022 dans le cadre du dispositif Embellir votre quartier, le <a href=\"https:\/\/www.leparisien.fr\/paris-75\/stationnement-supprime-vitesse-limitee-a-paris-la-butte-montmartre-devient-le-paradis-des-pietons-et-cyclistes-15-01-2025-EFQG6OUMFFFNPALYCKN5Y2BGXA.php\" target=\"_blank\" rel=\"noreferrer nofollow noopener\">r\u00e9am\u00e9nagement global de la butte<\/a> \u00e0 5,5 millions d\u2019euros pour r\u00e9duire la place de la voiture pr\u00e9voit une aire pi\u00e9tonne au sommet. Mais celle-ci ne sera finalement pas effective avant les <a href=\"https:\/\/www.leparisien.fr\/elections\/municipales\/municipales-2026-a-paris-les-parisiens-veulent-une-alternance-estime-rachida-dati-dopee-par-un-sondage-05-11-2025-477D2V7XNRGJ5PDBG4L6CC6S4I.php\" target=\"_blank\" rel=\"noreferrer nofollow noopener\">\u00e9lections municipales de 2026<\/a>.<\/p>\n<p class=\"paragraph text_align_left lp-f-body-02\">Les riverains \u00e9taient encore nombreux ce jeudi 6 novembre au soir \u00e0 la mairie du XVIIIe, o\u00f9 \u00e9tait organis\u00e9e une r\u00e9union publique sur le sujet. Avec pour objet de ce nouveau rendez-vous, la restitution de la concertation, men\u00e9e pendant deux mois cet \u00e9t\u00e9 aupr\u00e8s des locaux, sur le p\u00e9rim\u00e8tre de l\u2019aire pi\u00e9tonne qui s\u2019\u00e9tend autour du <a href=\"https:\/\/www.leparisien.fr\/culture-loisirs\/dans-les-coulisses-de-la-basilique-du-sacre-coeur-coeur-sacre-de-la-butte-montmartre-21-01-2022-D427KC2ULVEVNA6TMNU3LNJQ24.php\" target=\"_blank\" rel=\"noreferrer nofollow noopener\">Sacr\u00e9-C\u0153ur<\/a>, sur une vingtaine d\u2019art\u00e8res.<\/p>\n","protected":false},"excerpt":{"rendered":"C\u2019est ce qu\u2019on appelle un serpent de mer. Le sujet de la pi\u00e9tonnisation de la butte Montmartre (XVIIIe)&hellip;\n","protected":false},"author":2,"featured_media":518729,"comment_status":"","ping_status":"","sticky":false,"template":"","format":"standard","meta":{"footnotes":""},"categories":[1888],"tags":[11,1777,674,1011,27,1944,12,626,25],"class_list":{"0":"post-518728","1":"post","2":"type-post","3":"status-publish","4":"format-standard","5":"has-post-thumbnail","7":"category-paris","8":"tag-actualites","9":"tag-eu","10":"tag-europe","11":"tag-fr","12":"tag-france","13":"tag-ma-ville","14":"tag-news","15":"tag-paris","16":"tag-republique-francaise"},"share_on_mastodon":{"url":"https:\/\/pubeurope.com\/@fr\/115509638281242924","error":""},"_links":{"self":[{"href":"https:\/\/www.europesays.com\/fr\/wp-json\/wp\/v2\/posts\/518728","targetHints":{"allow":["GET"]}}],"collection":[{"href":"https:\/\/www.europesays.com\/fr\/wp-json\/wp\/v2\/posts"}],"about":[{"href":"https:\/\/www.europesays.com\/fr\/wp-json\/wp\/v2\/types\/post"}],"author":[{"embeddable":true,"href":"https:\/\/www.europesays.com\/fr\/wp-json\/wp\/v2\/users\/2"}],"replies":[{"embeddable":true,"href":"https:\/\/www.europesays.com\/fr\/wp-json\/wp\/v2\/comments?post=518728"}],"version-history":[{"count":0,"href":"https:\/\/www.europesays.com\/fr\/wp-json\/wp\/v2\/posts\/518728\/revisions"}],"wp:featuredmedia":[{"embeddable":true,"href":"https:\/\/www.europesays.com\/fr\/wp-json\/wp\/v2\/media\/518729"}],"wp:attachment":[{"href":"https:\/\/www.europesays.com\/fr\/wp-json\/wp\/v2\/media?parent=518728"}],"wp:term":[{"taxonomy":"category","embeddable":true,"href":"https:\/\/www.europesays.com\/fr\/wp-json\/wp\/v2\/categories?post=518728"},{"taxonomy":"post_tag","embeddable":true,"href":"https:\/\/www.europesays.com\/fr\/wp-json\/wp\/v2\/tags?post=518728"}],"curies":[{"name":"wp","href":"https:\/\/api.w.org\/{rel}","templated":true}]}}