{"id":51873,"date":"2025-04-25T13:42:09","date_gmt":"2025-04-25T13:42:09","guid":{"rendered":"https:\/\/www.europesays.com\/fr\/51873\/"},"modified":"2025-04-25T13:42:09","modified_gmt":"2025-04-25T13:42:09","slug":"nancy-un-motard-de-la-police-blesse-lors-de-lescorte-dun-fourgon-penitentiaire","status":"publish","type":"post","link":"https:\/\/www.europesays.com\/fr\/51873\/","title":{"rendered":"Nancy. Un motard de la police bless\u00e9 lors de l\u2019escorte d\u2019un fourgon p\u00e9nitentiaire"},"content":{"rendered":"<p>C\u2019est un malheureux accident de la circulation qui est survenu \u00e0 Nancy entre un motard de la police nationale et un v\u00e9hicule de l\u2019administration p\u00e9nitentiaire. Jeudi 24\u00a0avril, peu apr\u00e8s 18\u00a0h, deux motards \u00e9taient mandat\u00e9s pour escorter un d\u00e9tenu entre la cit\u00e9 judiciaire de Nancy et la prison de Nancy-Max\u00e9ville.<\/p>\n<p>Ce prisonnier dont le profil n\u00e9cessitait une s\u00e9curit\u00e9 particuli\u00e8re, avait fait l\u2019objet d\u2019une extraction judiciaire pour \u00eatre pr\u00e9sent\u00e9 \u00e0 un magistrat. Le convoi venait de quitter le tribunal et r\u00e9int\u00e9grait la maison d\u2019arr\u00eat. La collision s\u2019est produite \u00e0 l\u2019intersection des rues du Mar\u00e9chal-Juin et G\u00e9n\u00e9ral-Fabvier, \u00e0 une centaine de m\u00e8tres de la cit\u00e9 judiciaire.<\/p>\n<p>  Le fourgon heurte la moto<\/p>\n<p>Un v\u00e9hicule qui, semble-t-il, g\u00eanait la circulation a contraint l\u2019un des deux motards \u00e0 s\u2019arr\u00eater et le conducteur du fourgon p\u00e9nitentiaire qui suivait n\u2019a pu \u00e9viter le choc.\u00a0La moto a chut\u00e9 au sol, sur le pied du policier qui s\u2019est retrouv\u00e9 coinc\u00e9 par le poids de sa machine.<\/p>\n<p>Bless\u00e9, le fonctionnaire a rapidement \u00e9t\u00e9 pris en charge par les pompiers et transport\u00e9 vers les urgences de l\u2019h\u00f4pital central. Il \u00e9tait craint une l\u00e9sion ligamentaire au niveau de la cheville. Il n\u2019y a pas eu d\u2019autre victime.<\/p>\n<p>Apr\u00e8s constatation de l\u2019accident, une nouvelle escorte polici\u00e8re a \u00e9t\u00e9 charg\u00e9e d\u2019encadrer le convoi jusqu\u2019\u00e0 la maison d\u2019arr\u00eat.<\/p>\n","protected":false},"excerpt":{"rendered":"C\u2019est un malheureux accident de la circulation qui est survenu \u00e0 Nancy entre un motard de la police&hellip;\n","protected":false},"author":2,"featured_media":51874,"comment_status":"","ping_status":"","sticky":false,"template":"","format":"standard","meta":{"footnotes":""},"categories":[9635],"tags":[119,1111,11,1704,1777,674,274,1011,27,775,3457,1702,1703,12,25],"class_list":{"0":"post-51873","1":"post","2":"type-post","3":"status-publish","4":"format-standard","5":"has-post-thumbnail","7":"category-nancy","8":"tag-accident","9":"tag-actu","10":"tag-actualites","11":"tag-edition-nancy-et-agglomeration","12":"tag-eu","13":"tag-europe","14":"tag-faits-divers-justice","15":"tag-fr","16":"tag-france","17":"tag-grand-est","18":"tag-meurthe-et-moselle","19":"tag-nancy","20":"tag-nancy-ville-54b","21":"tag-news","22":"tag-republique-francaise"},"share_on_mastodon":{"url":"https:\/\/pubeurope.com\/@fr\/114398897322894573","error":""},"_links":{"self":[{"href":"https:\/\/www.europesays.com\/fr\/wp-json\/wp\/v2\/posts\/51873","targetHints":{"allow":["GET"]}}],"collection":[{"href":"https:\/\/www.europesays.com\/fr\/wp-json\/wp\/v2\/posts"}],"about":[{"href":"https:\/\/www.europesays.com\/fr\/wp-json\/wp\/v2\/types\/post"}],"author":[{"embeddable":true,"href":"https:\/\/www.europesays.com\/fr\/wp-json\/wp\/v2\/users\/2"}],"replies":[{"embeddable":true,"href":"https:\/\/www.europesays.com\/fr\/wp-json\/wp\/v2\/comments?post=51873"}],"version-history":[{"count":0,"href":"https:\/\/www.europesays.com\/fr\/wp-json\/wp\/v2\/posts\/51873\/revisions"}],"wp:featuredmedia":[{"embeddable":true,"href":"https:\/\/www.europesays.com\/fr\/wp-json\/wp\/v2\/media\/51874"}],"wp:attachment":[{"href":"https:\/\/www.europesays.com\/fr\/wp-json\/wp\/v2\/media?parent=51873"}],"wp:term":[{"taxonomy":"category","embeddable":true,"href":"https:\/\/www.europesays.com\/fr\/wp-json\/wp\/v2\/categories?post=51873"},{"taxonomy":"post_tag","embeddable":true,"href":"https:\/\/www.europesays.com\/fr\/wp-json\/wp\/v2\/tags?post=51873"}],"curies":[{"name":"wp","href":"https:\/\/api.w.org\/{rel}","templated":true}]}}