{"id":518730,"date":"2025-11-07T17:39:15","date_gmt":"2025-11-07T17:39:15","guid":{"rendered":"https:\/\/www.europesays.com\/fr\/518730\/"},"modified":"2025-11-07T17:39:15","modified_gmt":"2025-11-07T17:39:15","slug":"larmee-americaine-prevoit-dacheter-un-million-de-drones-militaires-pour-refaire-son-retard","status":"publish","type":"post","link":"https:\/\/www.europesays.com\/fr\/518730\/","title":{"rendered":"l&rsquo;arm\u00e9e am\u00e9ricaine pr\u00e9voit d&rsquo;acheter un million de drones militaires pour refaire son retard"},"content":{"rendered":"<p>Les Etats-Unis souhaitent \u00e9galement solidifier leur cha\u00eene d&rsquo;approvisionnement pour fabriquer les drones dont ils auraient besoin en cas de conflit.<\/p>\n<p>L&rsquo;arm\u00e9e am\u00e9ricaine pr\u00e9voit d&rsquo;acheter au moins un million de <a href=\"https:\/\/www.bfmtv.com\/economie\/entreprises\/defense\/thales-va-co-developper-un-drone-de-guerre-electronique-pour-brouiller-les-radars-et-les-missiles-adverses_AN-202509100588.html\" title=\"Thales va co-d\u00e9velopper un drone de guerre \u00e9lectronique pour brouiller les radars et les missiles adverses\" class=\"internal_link\" target=\"_blank\" rel=\"noopener\">drones<\/a> au cours des deux ou trois prochaines ann\u00e9es et pourrait en acqu\u00e9rir entre un demi-million et plusieurs millions par an au cours des ann\u00e9es suivantes, a d\u00e9clar\u00e9 vendredi le secr\u00e9taire \u00e0 l&rsquo;Arm\u00e9e de terre, Daniel Driscoll, dans un entretien accord\u00e9 \u00e0 Reuters.<\/p>\n<blockquote class=\"embed embed_quote\"><p>\u00ab\u00a0C\u2019est un grand d\u00e9fi, mais nous sommes tout \u00e0 fait capables de le relever\u00a0\u00bb, a d\u00e9clar\u00e9 Daniel Driscoll alors que l&rsquo;arm\u00e9e de terre am\u00e9ricaine n&rsquo;ach\u00e8te aujourd&rsquo;hui qu&rsquo;environ 50.000 drones par an.<\/p><\/blockquote>\n<p>S&rsquo;exprimant par t\u00e9l\u00e9phone lors d&rsquo;une visite \u00e0 l&rsquo;arsenal de Picatinny, dans le New Jersey, Daniel Driscoll a expliqu\u00e9 que l\u2019arm\u00e9e tirait des enseignements du conflit en Ukraine, marqu\u00e9 par l\u2019usage massif de drones.<\/p>\n<p>Les drones indispensables \u00e0 la guerre en Ukraine<\/p>\n<p>Les petits drones peu co\u00fbteux se sont r\u00e9v\u00e9l\u00e9s \u00eatre l&rsquo;une des armes les plus efficaces dans la guerre russo-ukrainienne, o\u00f9 les avions de combat conventionnels sont relativement rares en raison d&rsquo;une forte concentration de syst\u00e8mes antia\u00e9riens pr\u00e8s des lignes de front.<\/p>\n<p><a href=\"https:\/\/www.bfmtv.com\/economie\/entreprises\/defense\/portraits-de-staline-et-masques-chirurgicaux-la-russie-fait-la-promotion-de-sa-plus-secrete-usine-de-drones_AD-202507210439.html\" title=\"&quot;La plus grande et la plus secr\u00e8te usine de drones&quot;: la Russie d\u00e9voile une vid\u00e9o o\u00f9 elle montre comment elle fabrique les engins qu&#039;elle utilise en Ukraine\" class=\"internal_link\" target=\"_blank\" rel=\"noopener\">L&rsquo;Ukraine et la Russie produisent chacune environ quatre millions de drones<\/a> par an mais la Chine est probablement capable d&rsquo;en produire plus du double, a estim\u00e9 Daniel Driscoll. Il a indiqu\u00e9 que sa priorit\u00e9 \u00e9tait de permettre aux \u00c9tats-Unis de produire suffisamment de drones pour toute guerre future, en stimulant la production nationale de tous les composants, des moteurs sans balais aux capteurs, en passant par les batteries et les circuits imprim\u00e9s. Une grande partie de cette production est aujourd&rsquo;hui domin\u00e9e par la Chine. \u00ab\u00a0Nous pr\u00e9voyons d&rsquo;acheter au moins un million de drones au cours des deux ou trois prochaines ann\u00e9es\u00a0\u00bb, a d\u00e9clar\u00e9 Daniel Driscoll.<\/p>\n<blockquote class=\"embed embed_quote\"><p>\u00ab\u00a0Et nous pensons qu&rsquo;au bout d&rsquo;un ou deux ans, nous saurons qu&rsquo;en cas de conflit, nous serons en mesure d&rsquo;activer une cha\u00eene d&rsquo;approvisionnement suffisamment solide et profonde pour fabriquer le nombre de drones dont nous aurons besoin\u00a0\u00bb, a-t-il ajout\u00e9.<\/p><\/blockquote>\n<p>Des drones susceptibles d&rsquo;avoir une application commerciale<\/p>\n<p>Au lieu de s&rsquo;associer \u00e0 de grandes entreprises du secteur de la d\u00e9fense, l&rsquo;arm\u00e9e souhaite travailler avec des soci\u00e9t\u00e9s qui produisent des drones susceptibles d&rsquo;avoir des applications commerciales, a indiqu\u00e9 Daniel Driscoll.<\/p>\n<blockquote class=\"embed embed_quote\"><p>\u00ab\u00a0Nous voulons nous associer \u00e0 d&rsquo;autres fabricants de drones qui les utilisent <a href=\"https:\/\/www.bfmtv.com\/economie\/amazon-va-accelerer-sa-livraison-par-drone-aux-etats-unis_AD-202008310296.html\" title=\"Amazon va acc\u00e9l\u00e9rer sa livraison par drone aux Etats-Unis\" class=\"internal_link\" target=\"_blank\" rel=\"noopener\">pour les livraisons d&rsquo;Amazon<\/a> et tous les autres cas d&rsquo;usage\u00a0\u00bb, a-t-il dit.<\/p><\/blockquote>\n<p>Daniel Driscoll s&rsquo;est dit confiant sur le fait que le financement \u00e9tait suffisant pour r\u00e9pondre aux besoins accrus en drones, faisant valoir que l&rsquo;arm\u00e9e proc\u00e9dait d\u00e9j\u00e0 \u00e0 des d\u00e9sinvestissements dans certains syst\u00e8mes d&rsquo;armes plus anciens. \u00ab\u00a0Les drones sont l&rsquo;avenir de la guerre et nous devons investir dans les capacit\u00e9s offensives et d\u00e9fensives pour y faire face\u00a0\u00bb, a-t-il dit.<\/p>\n","protected":false},"excerpt":{"rendered":"Les Etats-Unis souhaitent \u00e9galement solidifier leur cha\u00eene d&rsquo;approvisionnement pour fabriquer les drones dont ils auraient besoin en cas&hellip;\n","protected":false},"author":2,"featured_media":518731,"comment_status":"","ping_status":"","sticky":false,"template":"","format":"standard","meta":{"footnotes":""},"categories":[1591],"tags":[11,1887,12,1885,1886,132],"class_list":{"0":"post-518730","1":"post","2":"type-post","3":"status-publish","4":"format-standard","5":"has-post-thumbnail","7":"category-russie","8":"tag-actualites","9":"tag-federation-de-russie","10":"tag-news","11":"tag-russia","12":"tag-russian-federation","13":"tag-russie"},"share_on_mastodon":{"url":"https:\/\/pubeurope.com\/@fr\/115509642404372530","error":""},"_links":{"self":[{"href":"https:\/\/www.europesays.com\/fr\/wp-json\/wp\/v2\/posts\/518730","targetHints":{"allow":["GET"]}}],"collection":[{"href":"https:\/\/www.europesays.com\/fr\/wp-json\/wp\/v2\/posts"}],"about":[{"href":"https:\/\/www.europesays.com\/fr\/wp-json\/wp\/v2\/types\/post"}],"author":[{"embeddable":true,"href":"https:\/\/www.europesays.com\/fr\/wp-json\/wp\/v2\/users\/2"}],"replies":[{"embeddable":true,"href":"https:\/\/www.europesays.com\/fr\/wp-json\/wp\/v2\/comments?post=518730"}],"version-history":[{"count":0,"href":"https:\/\/www.europesays.com\/fr\/wp-json\/wp\/v2\/posts\/518730\/revisions"}],"wp:featuredmedia":[{"embeddable":true,"href":"https:\/\/www.europesays.com\/fr\/wp-json\/wp\/v2\/media\/518731"}],"wp:attachment":[{"href":"https:\/\/www.europesays.com\/fr\/wp-json\/wp\/v2\/media?parent=518730"}],"wp:term":[{"taxonomy":"category","embeddable":true,"href":"https:\/\/www.europesays.com\/fr\/wp-json\/wp\/v2\/categories?post=518730"},{"taxonomy":"post_tag","embeddable":true,"href":"https:\/\/www.europesays.com\/fr\/wp-json\/wp\/v2\/tags?post=518730"}],"curies":[{"name":"wp","href":"https:\/\/api.w.org\/{rel}","templated":true}]}}