{"id":518734,"date":"2025-11-07T17:41:19","date_gmt":"2025-11-07T17:41:19","guid":{"rendered":"https:\/\/www.europesays.com\/fr\/518734\/"},"modified":"2025-11-07T17:41:19","modified_gmt":"2025-11-07T17:41:19","slug":"apres-les-usa-la-france-fait-partir-ses-ressortissants-du-mali","status":"publish","type":"post","link":"https:\/\/www.europesays.com\/fr\/518734\/","title":{"rendered":"Apr\u00e8s les USA, la France fait partir ses ressortissants du Mali"},"content":{"rendered":"\n<p class=\"text-center py-0 mb-2\">\n<a href=\"https:\/\/news.google.com\/publications\/CAAqMQgKIitDQklTR2dnTWFoWUtGRzFoWjJoeVpXSmxiV1Z5WjJWdWRDNXVaWGR6S0FBUAE?hl=fr&amp;gl=FR&amp;ceid=FR%3Afr\" target=\"_blank\" style=\"cursor: pointer;\" rel=\"nofollow noopener\"><br \/>\n<img loading=\"lazy\" decoding=\"async\" data-lazyloaded=\"1\" width=\"728\" height=\"90\" src=\"https:\/\/www.europesays.com\/fr\/wp-content\/uploads\/2025\/08\/google-news-banner.jpg\" alt=\"\"  data-pagespeed-url-hash=\"3544023630\" onload=\"pagespeed.CriticalImages.checkImageForCriticality(this);\"\/><br \/>\n<\/a><\/p>\n<p>La France a recommand\u00e9 ce vendredi 7 novembre \u00e0 ses ressortissants pr\u00e9sents au Mali de \u00ab\u00a0quitter le pays d\u00e8s que possible\u00a0\u00bb. La formulation, inhabituellement directe du Quai d\u2019Orsay, d\u00e9crit un climat \u00ab\u00a0impr\u00e9visible et volatile\u00a0\u00bb, avec des zones enti\u00e8res pass\u00e9es sous le contr\u00f4le de groupes arm\u00e9s et une p\u00e9nurie de carburant qui paralyse la circulation et l\u2019\u00e9conomie.<\/p>\n<p>Les d\u00e9placements terrestres sont d\u00e9sormais \u00ab\u00a0fortement d\u00e9conseill\u00e9s\u00a0\u00bb. Les vols commerciaux restent la seule option viable pour quitter le territoire. \u00c0 Bamako, les files s\u2019allongent devant les stations-service depuis plusieurs jours. Plusieurs r\u00e9gions sont quasiment coup\u00e9es du reste du pays.<\/p>\n<p>Cette annonce intervient dans un contexte de pr\u00e9sence fran\u00e7aise consid\u00e9rablement r\u00e9duite au Mali depuis le retrait des troupes en 2022. La base diplomatique et \u00e9conomique de Paris s\u2019est resserr\u00e9e, et cette recommandation de d\u00e9part en prend acte.<\/p>\n<p><strong>Washington avait averti quelques jours plus t\u00f4t<\/strong><\/p>\n<p>L\u2019ambassade am\u00e9ricaine \u00e0 Bamako avait appel\u00e9 ses ressortissants \u00e0 \u00ab quitter imm\u00e9diatement \u00bb le pays au d\u00e9but de la semaine. Washington \u00e9voquait une \u00ab d\u00e9t\u00e9rioration rapide \u00bb de la s\u00e9curit\u00e9 et le blocage d\u2019axes routiers par des groupes affili\u00e9s \u00e0 Al-Qa\u00efda au Maghreb islamique (AQMI). Le personnel diplomatique non essentiel a \u00e9t\u00e9 autoris\u00e9 \u00e0 partir. L\u2019ambassade a pr\u00e9cis\u00e9 qu\u2019elle ne pouvait plus garantir une assistance consulaire en dehors de la capitale. M\u00eame Bamako reste sous tension.<\/p>\n<p>Ces deux alertes successives posent la question de l\u2019efficacit\u00e9 de la strat\u00e9gie s\u00e9curitaire men\u00e9e par le r\u00e9gime d\u2019Assimi Go\u00efta. Depuis la rupture avec les partenaires occidentaux, le Mali s\u2019appuie sur des instructeurs militaires russes. Mais cette r\u00e9orientation n\u2019a pas endigu\u00e9 l\u2019expansion des groupes arm\u00e9s dans le centre et le nord du pays.<\/p>\n<p>Les populations locales subissent les cons\u00e9quences d\u2019un effondrement \u00e9conomique et humanitaire, aggrav\u00e9 par une crise \u00e9nerg\u00e9tique qui touche d\u00e9sormais la capitale. Paris et Washington tirent les m\u00eames conclusions : le Mali, consid\u00e9r\u00e9 il y a encore quelques ann\u00e9es comme un pivot strat\u00e9gique du Sahel, est devenu un territoire o\u00f9 leur pr\u00e9sence n\u2019est plus tenable.<\/p>\n","protected":false},"excerpt":{"rendered":"La France a recommand\u00e9 ce vendredi 7 novembre \u00e0 ses ressortissants pr\u00e9sents au Mali de \u00ab\u00a0quitter le pays&hellip;\n","protected":false},"author":2,"featured_media":518735,"comment_status":"","ping_status":"","sticky":false,"template":"","format":"standard","meta":{"footnotes":""},"categories":[1589],"tags":[11,73,1866,46453,12,1864,1865,1863,308],"class_list":{"0":"post-518734","1":"post","2":"type-post","3":"status-publish","4":"format-standard","5":"has-post-thumbnail","7":"category-etats-unis","8":"tag-actualites","9":"tag-etats-unis","10":"tag-etats-unis-damerique","11":"tag-mali-france","12":"tag-news","13":"tag-united-states","14":"tag-united-states-of-america","15":"tag-us","16":"tag-usa"},"share_on_mastodon":{"url":"https:\/\/pubeurope.com\/@fr\/115509650216480775","error":""},"_links":{"self":[{"href":"https:\/\/www.europesays.com\/fr\/wp-json\/wp\/v2\/posts\/518734","targetHints":{"allow":["GET"]}}],"collection":[{"href":"https:\/\/www.europesays.com\/fr\/wp-json\/wp\/v2\/posts"}],"about":[{"href":"https:\/\/www.europesays.com\/fr\/wp-json\/wp\/v2\/types\/post"}],"author":[{"embeddable":true,"href":"https:\/\/www.europesays.com\/fr\/wp-json\/wp\/v2\/users\/2"}],"replies":[{"embeddable":true,"href":"https:\/\/www.europesays.com\/fr\/wp-json\/wp\/v2\/comments?post=518734"}],"version-history":[{"count":0,"href":"https:\/\/www.europesays.com\/fr\/wp-json\/wp\/v2\/posts\/518734\/revisions"}],"wp:featuredmedia":[{"embeddable":true,"href":"https:\/\/www.europesays.com\/fr\/wp-json\/wp\/v2\/media\/518735"}],"wp:attachment":[{"href":"https:\/\/www.europesays.com\/fr\/wp-json\/wp\/v2\/media?parent=518734"}],"wp:term":[{"taxonomy":"category","embeddable":true,"href":"https:\/\/www.europesays.com\/fr\/wp-json\/wp\/v2\/categories?post=518734"},{"taxonomy":"post_tag","embeddable":true,"href":"https:\/\/www.europesays.com\/fr\/wp-json\/wp\/v2\/tags?post=518734"}],"curies":[{"name":"wp","href":"https:\/\/api.w.org\/{rel}","templated":true}]}}