{"id":518736,"date":"2025-11-07T17:42:12","date_gmt":"2025-11-07T17:42:12","guid":{"rendered":"https:\/\/www.europesays.com\/fr\/518736\/"},"modified":"2025-11-07T17:42:12","modified_gmt":"2025-11-07T17:42:12","slug":"un-veteran-britannique-fustige-letat-du-royaume-uni","status":"publish","type":"post","link":"https:\/\/www.europesays.com\/fr\/518736\/","title":{"rendered":"un v\u00e9t\u00e9ran britannique fustige l&rsquo;\u00e9tat du Royaume-Uni"},"content":{"rendered":"<p>Un v\u00e9t\u00e9ran britannique de la Seconde Guerre mondiale estime que \u00ab\u00a0la situation est bien pire\u00a0\u00bb aujourd&rsquo;hui que lors du conflit au cours duquel il a combattu.<\/p>\n<p>Un constat accablant sur l&rsquo;\u00e9volution de son pays. <a href=\"https:\/\/www.itv.com\/goodmorningbritain\" target=\"_blank\" class=\"external_link\" rel=\"nofollow noopener\">Dans l&rsquo;\u00e9mission \u00ab\u00a0Good Morning Britain\u00a0\u00bb<\/a>, Alec Penstone, v\u00e9t\u00e9ran britannique de la Seconde Guerre mondiale, d\u00e9clare, \u00e9mu, que \u00ab\u00a0le sacrifice\u00a0\u00bb des combats entre 1939 et 1945 \u00ab\u00a0ne valait pas la peine\u00a0\u00bb, au vu de la situation actuelle du Royaume-Uni.<\/p>\n<blockquote class=\"embed embed_quote\"><p>\u00ab\u00a0Ce pourquoi nous nous sommes battus, c&rsquo;\u00e9tait notre libert\u00e9, mais aujourd&rsquo;hui, la situation est bien pire que lorsque je me suis battu pour elle\u00a0\u00bb, estime Alec Penstone, \u00e2g\u00e9 de 100 ans, ce vendredi 7 novembre.<\/p><\/blockquote>\n<p>\u00ab\u00a0Mon message est le suivant: je peux voir en pens\u00e9e ces rang\u00e9es et rang\u00e9es de pierres blanches et ces centaines de mes amis qui ont donn\u00e9 leur vie, pour quoi? Pour le pays d&rsquo;aujourd&rsquo;hui?\u00a0\u00bb, interroge-t-il. Mais, Alec Penstone n&rsquo;a pas d\u00e9taill\u00e9 les raisons concr\u00e8tes le conduisant \u00e0 dresser ce constat sur l&rsquo;\u00e9tat actuel du <a href=\"https:\/\/www.bfmtv.com\/international\/le-royaume-uni-commemore-les-80-ans-de-la-fin-de-la-seconde-guerre-mondiale_VN-202505080449.html\" title=\"Le Royaume-Uni comm\u00e9more les 80 ans de la fin de la Seconde Guerre mondiale\" class=\"internal_link\" rel=\"nofollow noopener\" target=\"_blank\">Royaume-Uni.<\/a><\/p>\n<p>Engag\u00e9 dans la Marine<\/p>\n<p>La prise de position du centenaire a \u00e9mu les journalistes britanniques. \u00ab\u00a0Alec, je suis d\u00e9sol\u00e9e que tu te sentes ainsi et je veux que tu saches que toutes les g\u00e9n\u00e9rations qui sont venues depuis, y compris moi et mes enfants, sont tr\u00e8s reconnaissantes de ton courage et de celui de tous les autres membres du personnel militaire\u00a0\u00bb, a d\u00e9clar\u00e9 Kate Garraway, pr\u00e9sentatrice de \u00ab\u00a0Good Morning Britain\u00a0\u00bb.<\/p>\n<p>Le v\u00e9t\u00e9ran a alors apport\u00e9 un brin d&rsquo;optimisme, puisque, en s&rsquo;adressant aux pr\u00e9sentateurs de l&rsquo;\u00e9mission, il trouve \u00ab\u00a0formidable de savoir qu&rsquo;il y a des gens comme vous qui transmettent le message aux jeunes g\u00e9n\u00e9rations\u00a0\u00bb.<\/p>\n<p><img width=\"1\" height=\"1\" class=\"lozad\"  alt=\"Comment raconter l\u2019actualit\u00e9 aux enfants et aux ados ? Chaque semaine, en compagnie de leur invit\u00e9, Zacharie Legros &amp; Nathan Laporte d\u00e9cryptent un \u00e9v\u00e9nement qui fait la une.\"\/>Il y a 80 ans, la fin de la Seconde Guerre mondiale en Europe\u00a0<\/p>\n<p>En 1939, au d\u00e9but de la Seconde guerre mondiale, Alec Penstone \u00e9tait \u00e2g\u00e9 de 15 ans. Durant son adolescence, il a \u00ab\u00a0extrait des corps des b\u00e2timents bombard\u00e9s\u00a0\u00bb avant de s&rsquo;engager dans la Marine britannique. Durant le conflit, il a servi dans un sous-marin et un porte-avions avant de participer au d\u00e9barquement en Normandie le 6 juin 1944. Autant d&rsquo;op\u00e9rations auxquelles il a surv\u00e9cu, gr\u00e2ce \u00e0 \u00ab\u00a0de la chance\u00a0\u00bb selon le principal int\u00e9ress\u00e9. Le Britannique avait promis \u00e0 son p\u00e8re qu&rsquo;il ne combattrait pas sur le front, apr\u00e8s les horreurs que ce dernier avait vu lors de la Premi\u00e8re Guerre mondiale.<\/p>\n<p>Durant la Seconde Guerre mondiale, environ 384.000 soldats britanniques sont morts au combat, selon un <a href=\"https:\/\/www.parliament.uk\/contentassets\/f88bc9c34a994e75a04d8bc85b03e7c3\/olympicbritain.pdf?utm_source=chatgpt.com\" target=\"_blank\" class=\"external_link\" rel=\"nofollow noopener\">rapport de la Chambre des Communes.<\/a><\/p>\n","protected":false},"excerpt":{"rendered":"Un v\u00e9t\u00e9ran britannique de la Seconde Guerre mondiale estime que \u00ab\u00a0la situation est bien pire\u00a0\u00bb aujourd&rsquo;hui que lors&hellip;\n","protected":false},"author":2,"featured_media":518737,"comment_status":"","ping_status":"","sticky":false,"template":"","format":"standard","meta":{"footnotes":""},"categories":[1588],"tags":[11,1777,674,12,473,1853,1851,1850,1852],"class_list":{"0":"post-518736","1":"post","2":"type-post","3":"status-publish","4":"format-standard","5":"has-post-thumbnail","7":"category-royaume-uni","8":"tag-actualites","9":"tag-eu","10":"tag-europe","11":"tag-news","12":"tag-royaume-uni","13":"tag-royaume-uni-de-grande-bretagne-et-dirlande-du-nord","14":"tag-uk","15":"tag-united-kingdom","16":"tag-united-kingdom-of-great-britain-and-northern-ireland"},"share_on_mastodon":{"url":"https:\/\/pubeurope.com\/@fr\/115509654278490335","error":""},"_links":{"self":[{"href":"https:\/\/www.europesays.com\/fr\/wp-json\/wp\/v2\/posts\/518736","targetHints":{"allow":["GET"]}}],"collection":[{"href":"https:\/\/www.europesays.com\/fr\/wp-json\/wp\/v2\/posts"}],"about":[{"href":"https:\/\/www.europesays.com\/fr\/wp-json\/wp\/v2\/types\/post"}],"author":[{"embeddable":true,"href":"https:\/\/www.europesays.com\/fr\/wp-json\/wp\/v2\/users\/2"}],"replies":[{"embeddable":true,"href":"https:\/\/www.europesays.com\/fr\/wp-json\/wp\/v2\/comments?post=518736"}],"version-history":[{"count":0,"href":"https:\/\/www.europesays.com\/fr\/wp-json\/wp\/v2\/posts\/518736\/revisions"}],"wp:featuredmedia":[{"embeddable":true,"href":"https:\/\/www.europesays.com\/fr\/wp-json\/wp\/v2\/media\/518737"}],"wp:attachment":[{"href":"https:\/\/www.europesays.com\/fr\/wp-json\/wp\/v2\/media?parent=518736"}],"wp:term":[{"taxonomy":"category","embeddable":true,"href":"https:\/\/www.europesays.com\/fr\/wp-json\/wp\/v2\/categories?post=518736"},{"taxonomy":"post_tag","embeddable":true,"href":"https:\/\/www.europesays.com\/fr\/wp-json\/wp\/v2\/tags?post=518736"}],"curies":[{"name":"wp","href":"https:\/\/api.w.org\/{rel}","templated":true}]}}