{"id":518738,"date":"2025-11-07T17:43:12","date_gmt":"2025-11-07T17:43:12","guid":{"rendered":"https:\/\/www.europesays.com\/fr\/518738\/"},"modified":"2025-11-07T17:43:12","modified_gmt":"2025-11-07T17:43:12","slug":"cyberhebdo-du-7-novembre-2025-lallemagne-encore-fortement-touchee","status":"publish","type":"post","link":"https:\/\/www.europesays.com\/fr\/518738\/","title":{"rendered":"Cyberhebdo du 7 novembre 2025 : l&rsquo;Allemagne encore fortement touch\u00e9e"},"content":{"rendered":"<p>&#13;<\/p>\n<p>Bienvenue dans ce nouveau num\u00e9ro du Cyberhebdo, votre rendez-vous hebdomadaire d\u00e9di\u00e9 \u00e0 l\u2019actualit\u00e9 des cyberattaques \u00e0 travers le monde.<\/p>\n<p>Au cours de la semaine \u00e9coul\u00e9e, notre veille a recens\u00e9 huit incidents majeurs rapport\u00e9s dans la presse internationale, touchant des organisations et institutions de six pays : Ta\u00efwan (TWN), Pays-Bas (NLD), Allemagne (DEU), Suisse (CHE), \u00c9tats-Unis (USA) et Australie (AUS).<\/p>\n<p>Fait marquant de cette \u00e9dition : l\u2019Allemagne (DEU) se distingue comme le pays le plus cibl\u00e9, avec trois attaques recens\u00e9es sur son territoire. Cette concentration d\u2019incidents met en lumi\u00e8re la pression croissante qui s\u2019exerce sur les infrastructures et entreprises allemandes, dans un contexte de menace cyber toujours plus intense.\u00a0<\/p>\n<p>Nous vous rappelons que notre revue de presse se concentre sur les cyberattaques significatives et ne traite pas des attaques DDoS ni des d\u00e9figurations de sites Web.<\/p>\n<p>30\/10\/2025 &#8211; <b>Haileybury College<\/b> (AUS)<br \/>Haileybury College a \u00e9t\u00e9 victime d&rsquo;une attaque cybern\u00e9tique en octobre, avec un acc\u00e8s limit\u00e9 \u00e0 son r\u00e9seau. L&rsquo;\u00e9cole a contenu la violation une fois la intrusion d\u00e9couverte et a isol\u00e9 les syst\u00e8mes touch\u00e9s. L&rsquo;\u00e9cole prend la s\u00e9curit\u00e9 du r\u00e9seau tr\u00e8s au s\u00e9rieux et la s\u00e9curit\u00e9 des \u00e9tudiants et du personnel est sa priorit\u00e9 absolue. (<a href=\"https:\/\/www.cyberdaily.au\/security\/12870-prestigious-haileybury-college-confirms-cyber-security-incident\" target=\"_blank\" rel=\"noopener\">source<\/a>)<\/p>\n<p>02\/11\/2025 &#8211; <b>Ruag LLC<\/b> (CHE)<br \/>La soci\u00e9t\u00e9 Ruag LLC, filiale am\u00e9ricaine de Ruag, a \u00e9t\u00e9 victime d&rsquo;une attaque de ransomware, mais l&rsquo;incident est isol\u00e9 et n&rsquo;affecte pas les syst\u00e8mes ou les donn\u00e9es en Suisse. L&rsquo;attaque a \u00e9t\u00e9 attribu\u00e9e \u00e0 un groupe international agissant \u00e0 l&rsquo;\u00e9chelle mondiale. Les mesures de s\u00e9curit\u00e9 appropri\u00e9es ont \u00e9t\u00e9 prises pour faire face \u00e0 l&rsquo;incident. (<a href=\"https:\/\/www.20min.ch\/story\/ruag-llc-tochtergesellschaft-der-ruag-von-cyberangriff-betroffen-103445810\" target=\"_blank\" rel=\"noopener\">source<\/a>)<\/p>\n<p>03\/11\/2025 &#8211; <strong>Comt\u00e9 de Dillon<\/strong>\u00a0(USA)<br \/>Le comt\u00e9 de Dillon en Caroline du Sud a d\u00e9tect\u00e9 une perturbation de son r\u00e9seau le 3 novembre et enqu\u00eate sur une possible faille de s\u00e9curit\u00e9 avec des sp\u00e9cialistes forensiques tiers et les forces de l&rsquo;ordre. Les responsables n&rsquo;ont pas pr\u00e9cis\u00e9 quels syst\u00e8mes ont \u00e9t\u00e9 affect\u00e9s. Le comt\u00e9 travaille avec des sp\u00e9cialistes externes et les forces de l&rsquo;ordre pour d\u00e9terminer l&rsquo;ampleur de la perturbation. (<a href=\"https:\/\/dysruptionhub.com\/dillon-county-sc-possible-hack\/\" target=\"_blank\" rel=\"noopener\">source<\/a>)<\/p>\n<p>03\/11\/2025 &#8211; <b>Kingcan Holdings Limited<\/b>\u00a0(TWN)<br \/>La filiale de Fujian Fuzhen Metal Packaging Co., Ltd. a \u00e9t\u00e9 victime d&rsquo;une cyberattaque, mais gr\u00e2ce \u00e0 l&rsquo;activation rapide des m\u00e9canismes de d\u00e9fense, il n&rsquo;y a pas eu de fuite de donn\u00e9es personnelles ou d&rsquo;informations confidentielles, et l&rsquo;impact sur les op\u00e9rations de l&rsquo;entreprise est minime. Une cyberattaque contre Kingcan a \u00e9t\u00e9 revendiqu\u00e9e par Radar le jour-m\u00eame. (<a href=\"https:\/\/emops.twse.com.tw\/server-java\/t05sr01_1_e?&amp;isNew=Y&amp;seq_no=1&amp;spoke_time=190727&amp;spoke_date=20251103&amp;co_id=8411\" target=\"_blank\" rel=\"noopener\">source<\/a>)<\/p>\n<p>04\/11\/2025 &#8211; <b>Grande paroisse Saint-Luc de D\u00fcren<\/b> (DEU)<br \/>La grande paroisse Saint-Luc de D\u00fcren, en Allemagne, a \u00e9t\u00e9 victime d&rsquo;une attaque de hackers, les syst\u00e8mes informatiques ont \u00e9t\u00e9 vis\u00e9s dans la nuit du 3 novembre. La paroisse comprend notamment la communaut\u00e9 de St. Anna et l&rsquo;\u00e9glise Annakirche. (<a href=\"https:\/\/www.aachener-zeitung.de\/lokales\/region-dueren\/dueren\/st.-lukas-ist-opfer-eines-hackerangriffs-geworden\/103432091.html\" target=\"_blank\" rel=\"noopener\">source<\/a>)<\/p>\n<p>05\/11\/2025 &#8211; <strong>Centre m\u00e9dical du Haut-Palatinat nord<\/strong>\u00a0(DEU)<br \/>Le centre m\u00e9dical du Haut-Palatinat nord a subi une attaque informatique, ce qui a conduit \u00e0 la fermeture temporaire de deux de ses sites \u00e0 Tirschenreuth et Kemnath. Les cliniques ne sont pas affect\u00e9es et le site de Weiden continue de fonctionner. Les syst\u00e8mes ont \u00e9t\u00e9 d\u00e9connect\u00e9s en raison de la d\u00e9couverte d&rsquo;un logiciel malveillant. (<a href=\"https:\/\/www.oberpfalzecho.de\/beitrag\/cyberangriff-legt-mvz-in-tirschenreuth-und-kemnath-lahm\" target=\"_blank\" rel=\"noopener\">source<\/a>)<\/p>\n<p>06\/11\/2025 &#8211; <b>Ludwigshafen<\/b> (DEU)<br \/>Le r\u00e9seau de la ville de Ludwigshafen a \u00e9t\u00e9 victime d&rsquo;une attaque de pirates, ce qui a entra\u00een\u00e9 une panne g\u00e9n\u00e9ralis\u00e9e. Les d\u00e9tails de l&rsquo;incident ne sont pas encore connus, mais il s&rsquo;agit potentiellement du deuxi\u00e8me cas d&rsquo;attaque de ce type dans la r\u00e9gion apr\u00e8s celle qui a touch\u00e9 l&rsquo;administration du district il y a trois ans. Une conf\u00e9rence de presse est pr\u00e9vue pour fournir plus d&rsquo;informations. (<a href=\"https:\/\/www.mannheimer-morgen.de\/orte\/ludwigshafen_artikel,-ludwigshafen-hackerangriff-legt-netzwerk-der-stadtverwaltung-ludwigshafen-lahm-_arid,2339209.html\" target=\"_blank\" rel=\"noopener\">source<\/a>)<\/p>\n<p>06\/11\/2025 &#8211; <b>RTV Noord<\/b> (NLD)<br \/>Le radiodiffuseur public RTV Noord a \u00e9t\u00e9 victime d&rsquo;une attaque de pirates, ce qui a des cons\u00e9quences importantes pour les \u00e9missions et les publications sur toutes les plateformes. Les employ\u00e9s travaillent dur pour trouver une solution. Les pirates ont laiss\u00e9 un message dans les syst\u00e8mes de RTV Noord, mais son contenu n&rsquo;a pas \u00e9t\u00e9 divulgu\u00e9. (via eCrime.ch) (<a href=\"https:\/\/www.rtvnoord.nl\/economie\/RX-231\/rtv-noord-gehackt-gevolgen-voor-uitzendingen-en-alle-platforms\" target=\"_blank\" rel=\"noopener\">source<\/a>)<\/p>\n<p>Revue de presse r\u00e9alis\u00e9e en partie avec ChatGPT. <a href=\"https:\/\/www.lemagit.fr\/actualites\/365535799\/Cyberhebdo-LeMagIT-met-lIA-au-service-de-linformation-de-ses-lecteurs\" target=\"_blank\" rel=\"noopener\">Les explications sont \u00e0 lire ici<\/a>.<\/p>\n","protected":false},"excerpt":{"rendered":"&#13; Bienvenue dans ce nouveau num\u00e9ro du Cyberhebdo, votre rendez-vous hebdomadaire d\u00e9di\u00e9 \u00e0 l\u2019actualit\u00e9 des cyberattaques \u00e0 travers&hellip;\n","protected":false},"author":2,"featured_media":191570,"comment_status":"","ping_status":"","sticky":false,"template":"","format":"standard","meta":{"footnotes":""},"categories":[1587],"tags":[11,672,1804,1805,1803,1777,674,1801,12,1802],"class_list":{"0":"post-518738","1":"post","2":"type-post","3":"status-publish","4":"format-standard","5":"has-post-thumbnail","7":"category-allemagne","8":"tag-actualites","9":"tag-allemagne","10":"tag-bundesrepublik-deutschland","11":"tag-de","12":"tag-deutschland","13":"tag-eu","14":"tag-europe","15":"tag-germany","16":"tag-news","17":"tag-republique-federale-dallemagne"},"share_on_mastodon":{"url":"https:\/\/pubeurope.com\/@fr\/115509657922683766","error":""},"_links":{"self":[{"href":"https:\/\/www.europesays.com\/fr\/wp-json\/wp\/v2\/posts\/518738","targetHints":{"allow":["GET"]}}],"collection":[{"href":"https:\/\/www.europesays.com\/fr\/wp-json\/wp\/v2\/posts"}],"about":[{"href":"https:\/\/www.europesays.com\/fr\/wp-json\/wp\/v2\/types\/post"}],"author":[{"embeddable":true,"href":"https:\/\/www.europesays.com\/fr\/wp-json\/wp\/v2\/users\/2"}],"replies":[{"embeddable":true,"href":"https:\/\/www.europesays.com\/fr\/wp-json\/wp\/v2\/comments?post=518738"}],"version-history":[{"count":0,"href":"https:\/\/www.europesays.com\/fr\/wp-json\/wp\/v2\/posts\/518738\/revisions"}],"wp:featuredmedia":[{"embeddable":true,"href":"https:\/\/www.europesays.com\/fr\/wp-json\/wp\/v2\/media\/191570"}],"wp:attachment":[{"href":"https:\/\/www.europesays.com\/fr\/wp-json\/wp\/v2\/media?parent=518738"}],"wp:term":[{"taxonomy":"category","embeddable":true,"href":"https:\/\/www.europesays.com\/fr\/wp-json\/wp\/v2\/categories?post=518738"},{"taxonomy":"post_tag","embeddable":true,"href":"https:\/\/www.europesays.com\/fr\/wp-json\/wp\/v2\/tags?post=518738"}],"curies":[{"name":"wp","href":"https:\/\/api.w.org\/{rel}","templated":true}]}}