{"id":518741,"date":"2025-11-07T17:45:14","date_gmt":"2025-11-07T17:45:14","guid":{"rendered":"https:\/\/www.europesays.com\/fr\/518741\/"},"modified":"2025-11-07T17:45:14","modified_gmt":"2025-11-07T17:45:14","slug":"la-roumanie-juge-ladhesion-complete-de-la-turkiye-a-lue-cruciale-pour-la-securite-en-mer-noire","status":"publish","type":"post","link":"https:\/\/www.europesays.com\/fr\/518741\/","title":{"rendered":"La Roumanie juge l\u2019adh\u00e9sion compl\u00e8te de la T\u00fcrkiye \u00e0 l\u2019UE cruciale pour la s\u00e9curit\u00e9 en mer Noire"},"content":{"rendered":"<p>AA \/ Ankara \/ Asiye Yilmaz<\/p>\n<p>La ministre roumaine des Affaires \u00e9trang\u00e8res, Oana Toiu, a d\u00e9clar\u00e9 vendredi que l\u2019adh\u00e9sion compl\u00e8te de la T\u00fcrkiye \u00e0 l\u2019Union europ\u00e9enne (UE) rev\u00eat une importance majeure pour garantir la s\u00e9curit\u00e9 dans la r\u00e9gion de la mer Noire.<\/p>\n<p>S\u2019exprimant lors d\u2019une conf\u00e9rence de presse conjointe avec son homologue turc Hakan Fidan, \u00e0 l\u2019issue de leur rencontre au minist\u00e8re turc des Affaires \u00e9trang\u00e8res \u00e0 Ankara, Toiu a rappel\u00e9 que la Roumanie accueille actuellement le Forum de l\u2019industrie de l\u2019OTAN, tout en soulignant le dialogue actif entre Bucarest et Ankara.<\/p>\n<p>Elle a r\u00e9affirm\u00e9 la volont\u00e9 de son pays de renforcer et d\u2019\u00e9largir la coop\u00e9ration avec la T\u00fcrkiye, dans le cadre du partenariat strat\u00e9gique d\u00e9j\u00e0 existant entre les deux nations.<\/p>\n<p>Toiu a \u00e9galement mis en avant la coop\u00e9ration trilat\u00e9rale entre la T\u00fcrkiye, la Roumanie et la Bulgarie au sein de l\u2019OTAN, estimant que cette collaboration pourrait s\u2019\u00e9tendre \u00e0 d\u2019autres domaines et servir de mod\u00e8le \u00e0 d\u2019autres pays.<\/p>\n<p>\u00ab Nous soutenons la candidature de la T\u00fcrkiye \u00e0 l\u2019Union europ\u00e9enne. Son adh\u00e9sion pleine et enti\u00e8re est un \u00e9l\u00e9ment cl\u00e9 pour assurer la s\u00e9curit\u00e9 en mer Noire \u00bb, a-t-elle affirm\u00e9.<\/p>\n<p>Rappelant que l\u2019ann\u00e9e prochaine marquera le 15\u1d49 anniversaire du partenariat strat\u00e9gique entre la T\u00fcrkiye et la Roumanie, la ministre a annonc\u00e9 la tenue \u00e0 Bucarest du prochain Conseil de coop\u00e9ration strat\u00e9gique de haut niveau (HLSCC), pr\u00e9cisant avoir transmis au pr\u00e9sident Recep Tayyip Erdogan l\u2019invitation du pr\u00e9sident roumain Nicusor Dan.<\/p>\n<p>Toiu a qualifi\u00e9 la T\u00fcrkiye de partenaire le plus important de la Roumanie en dehors de l\u2019UE, exprimant le souhait de renforcer davantage la coop\u00e9ration \u00e9conomique et les investissements bilat\u00e9raux.<\/p>\n<p>Elle a soulign\u00e9 l\u2019objectif commun d\u2019accro\u00eetre le volume et la port\u00e9e des \u00e9changes commerciaux, notant que la Roumanie offre un environnement favorable aux investissements \u00e9trangers, notamment dans le secteur de la d\u00e9fense.<\/p>\n<p>Concernant la situation \u00e0 Gaza, Toiu a indiqu\u00e9 que les discussions ont port\u00e9 sur la coop\u00e9ration avec les \u00c9tats-Unis, le Qatar et l\u2019\u00c9gypte, tout en remerciant la T\u00fcrkiye pour son r\u00f4le dans les efforts de lib\u00e9ration des otages.<\/p>\n<p>\u00ab La Roumanie continuera \u00e0 soutenir l\u2019acheminement de l\u2019aide humanitaire et la prise en charge des enfants ayant besoin de soins. Nous poursuivrons nos efforts pour une paix juste et durable \u00bb, a-t-elle ajout\u00e9.<\/p>\n<p>Remerciant la T\u00fcrkiye pour son r\u00f4le dans la s\u00e9curit\u00e9 de la mer Noire, la ministre a soulign\u00e9 les efforts r\u00e9gionaux en cours, pr\u00e9cisant que les deux pays, alli\u00e9s au sein de l\u2019OTAN, \u0153uvrent \u00e0 consolider leurs bases \u00e9conomiques et \u00e0 exploiter le potentiel strat\u00e9gique de la mer Noire.<\/p>\n<p>Elle a not\u00e9 que les discussions du Forum de l\u2019industrie de l\u2019OTAN, tenues mercredi et jeudi, ont \u00e9galement port\u00e9 sur le renforcement de la s\u00e9curit\u00e9 dans la r\u00e9gion, la Roumanie souhaitant favoriser la coop\u00e9ration \u00e9conomique et les investissements conjoints.<\/p>\n<p>Enfin, Toiu a annonc\u00e9 qu\u2019un accord a \u00e9t\u00e9 conclu entre la T\u00fcrkiye et la Roumanie pour la production conjointe de v\u00e9hicules blind\u00e9s.<\/p>\n<p>\u00ab Cette initiative est tr\u00e8s importante, tant pour les fournisseurs que pour les fabricants, et servira d\u2019exemple \u00e0 d\u2019autres pays. Nous suivons de pr\u00e8s ces investissements \u00bb, a-t-elle conclu.<\/p>\n<p>* Traduit de l&rsquo;anglais par Adama Bamba<\/p>\n<p>                            &#13;<br \/>\n                                <a href=\"https:\/\/www.aa.com.tr\/fr\/p\/abonnement\/1001\" target=\"_blank\" style=\"font-size:12px; color:#444; text-decoration:none;\" rel=\"noopener\">&#13;<br \/>\n                                    Seulement une partie des d\u00e9p\u00eaches, que l&rsquo;Agence Anadolu diffuse \u00e0 ses abonn\u00e9s via le Syst\u00e8me de Diffusion interne (HAS), est diffus\u00e9e sur le site de l&rsquo;AA, de mani\u00e8re r\u00e9sum\u00e9e. <b style=\"color:#1897F7\">Contactez-nous s&rsquo;il vous pla\u00eet pour vous abonner.<\/b>&#13;<br \/>\n                                <\/a>&#13;<\/p>\n","protected":false},"excerpt":{"rendered":"AA \/ Ankara \/ Asiye Yilmaz La ministre roumaine des Affaires \u00e9trang\u00e8res, Oana Toiu, a d\u00e9clar\u00e9 vendredi que&hellip;\n","protected":false},"author":2,"featured_media":518742,"comment_status":"","ping_status":"","sticky":false,"template":"","format":"standard","meta":{"footnotes":""},"categories":[1586],"tags":[11,1785,1777,674,1779,1011,27,63916,12,25,1906,1778,22826,364],"class_list":{"0":"post-518741","1":"post","2":"type-post","3":"status-publish","4":"format-standard","5":"has-post-thumbnail","7":"category-europe","8":"tag-actualites","9":"tag-anadolu-ajansi","10":"tag-eu","11":"tag-europe","12":"tag-european-union","13":"tag-fr","14":"tag-france","15":"tag-la-roumanie","16":"tag-news","17":"tag-republique-francaise","18":"tag-trkiye","19":"tag-ue","20":"tag-union-europenne-ue","21":"tag-union-europeenne"},"share_on_mastodon":{"url":"https:\/\/pubeurope.com\/@fr\/115509665778908233","error":""},"_links":{"self":[{"href":"https:\/\/www.europesays.com\/fr\/wp-json\/wp\/v2\/posts\/518741","targetHints":{"allow":["GET"]}}],"collection":[{"href":"https:\/\/www.europesays.com\/fr\/wp-json\/wp\/v2\/posts"}],"about":[{"href":"https:\/\/www.europesays.com\/fr\/wp-json\/wp\/v2\/types\/post"}],"author":[{"embeddable":true,"href":"https:\/\/www.europesays.com\/fr\/wp-json\/wp\/v2\/users\/2"}],"replies":[{"embeddable":true,"href":"https:\/\/www.europesays.com\/fr\/wp-json\/wp\/v2\/comments?post=518741"}],"version-history":[{"count":0,"href":"https:\/\/www.europesays.com\/fr\/wp-json\/wp\/v2\/posts\/518741\/revisions"}],"wp:featuredmedia":[{"embeddable":true,"href":"https:\/\/www.europesays.com\/fr\/wp-json\/wp\/v2\/media\/518742"}],"wp:attachment":[{"href":"https:\/\/www.europesays.com\/fr\/wp-json\/wp\/v2\/media?parent=518741"}],"wp:term":[{"taxonomy":"category","embeddable":true,"href":"https:\/\/www.europesays.com\/fr\/wp-json\/wp\/v2\/categories?post=518741"},{"taxonomy":"post_tag","embeddable":true,"href":"https:\/\/www.europesays.com\/fr\/wp-json\/wp\/v2\/tags?post=518741"}],"curies":[{"name":"wp","href":"https:\/\/api.w.org\/{rel}","templated":true}]}}